{"id":241,"date":"2016-11-28T19:09:50","date_gmt":"2016-11-28T19:09:50","guid":{"rendered":"https:\/\/www.pirolos.org\/?p=241"},"modified":"2016-11-28T19:09:50","modified_gmt":"2016-11-28T19:09:50","slug":"abre-la-boca-sube-pan","status":"publish","type":"post","link":"https:\/\/www.pirolos.org\/index.php\/2016\/11\/28\/abre-la-boca-sube-pan\/","title":{"rendered":"ABRE LA BOCA Y SUBE EL PAN"},"content":{"rendered":"<h1><span style=\"color: #008000;\"><em><span style=\"color: #008000;\"><a style=\"color: #008000;\" href=\"http:\/\/internacional.elpais.com\/internacional\/2016\/11\/27\/estados_unidos\/1480278816_162209.html\">\u00abGanar por goleada\u00bb y seguir protestando<\/a>\u00a0<\/span>(elpais)<\/em><\/span><\/h1>\n<p>Resulta sospechoso\u00a0 tanto marear la perdiz con el tema, \u00a0aunque no s\u00e9 bien de qu\u00e9. Habr\u00e1 que ir mirando debajo de cada \u00abbocadillo\u00bb \u00a0para buscar pistas de lo que pretende el personaje.<\/p>\n<p>Tener un milmillonario que defiende la econom\u00eda liberal, en la que por definici\u00f3n el estado no debe intervenir, \u00a0como presidente del\u00a0estado \u00abmas poderoso del planeta\u00bb es como tener de guarda del gallinero al zorro.<\/p>\n<p>&nbsp;<\/p>\n<!-- AddThis Advanced Settings generic via filter on the_content --><!-- AddThis Share Buttons generic via filter on the_content -->","protected":false},"excerpt":{"rendered":"<p>\u00abGanar por goleada\u00bb y seguir protestando\u00a0(elpais) Resulta sospechoso\u00a0 tanto marear la perdiz con el tema, \u00a0aunque no s\u00e9 bien de qu\u00e9. Habr\u00e1 que ir mirando debajo de cada \u00abbocadillo\u00bb \u00a0para buscar pistas de lo que pretende el personaje. Tener un milmillonario que defiende la econom\u00eda liberal, en la que por definici\u00f3n el estado no debe&hellip; <a href=\"https:\/\/www.pirolos.org\/index.php\/2016\/11\/28\/abre-la-boca-sube-pan\/\">Continue reading <span class=\"screen-reader-text\">ABRE LA BOCA Y SUBE EL PAN<\/span><\/a><!-- AddThis Advanced Settings generic via filter on get_the_excerpt --><!-- AddThis Share Buttons generic via filter on get_the_excerpt --><\/p>\n","protected":false},"author":2,"featured_media":242,"comment_status":"open","ping_status":"open","sticky":false,"template":"","format":"standard","meta":{"_monsterinsights_skip_tracking":false,"_monsterinsights_sitenote_active":false,"_monsterinsights_sitenote_note":"","_monsterinsights_sitenote_category":0,"footnotes":""},"categories":[1],"tags":[70,71,69],"class_list":["post-241","post","type-post","status-publish","format-standard","has-post-thumbnail","hentry","category-sin-categoria","tag-cuando-trump-abre-la-boca-sube-el-pan","tag-economia-liberal","tag-el-zorro-y-el-gallinero"],"yoast_head":"<!-- This site is optimized with the Yoast SEO plugin v27.5 - https:\/\/yoast.com\/product\/yoast-seo-wordpress\/ -->\n<title>ABRE LA BOCA Y SUBE EL PAN - By Visi Vidal<\/title>\n<meta name=\"robots\" content=\"index, follow, max-snippet:-1, max-image-preview:large, max-video-preview:-1\" \/>\n<link rel=\"canonical\" href=\"https:\/\/www.pirolos.org\/index.php\/2016\/11\/28\/abre-la-boca-sube-pan\/\" \/>\n<meta property=\"og:locale\" content=\"es_ES\" \/>\n<meta property=\"og:type\" content=\"article\" \/>\n<meta property=\"og:title\" content=\"ABRE LA BOCA Y SUBE EL PAN - By Visi Vidal\" \/>\n<meta property=\"og:description\" content=\"\u00abGanar por goleada\u00bb y seguir protestando\u00a0(elpais) Resulta sospechoso\u00a0 tanto marear la perdiz con el tema, \u00a0aunque no s\u00e9 bien de qu\u00e9. Habr\u00e1 que ir mirando debajo de cada \u00abbocadillo\u00bb \u00a0para buscar pistas de lo que pretende el personaje. Tener un milmillonario que defiende la econom\u00eda liberal, en la que por definici\u00f3n el estado no debe&hellip; Continue reading ABRE LA BOCA Y SUBE EL PAN\" \/>\n<meta property=\"og:url\" content=\"https:\/\/www.pirolos.org\/index.php\/2016\/11\/28\/abre-la-boca-sube-pan\/\" \/>\n<meta property=\"og:site_name\" content=\"By Visi Vidal\" \/>\n<meta property=\"article:published_time\" content=\"2016-11-28T19:09:50+00:00\" \/>\n<meta property=\"og:image\" content=\"https:\/\/www.pirolos.org\/wp-content\/uploads\/2016\/11\/Troump.jpg\" \/>\n\t<meta property=\"og:image:width\" content=\"894\" \/>\n\t<meta property=\"og:image:height\" content=\"541\" \/>\n\t<meta property=\"og:image:type\" content=\"image\/jpeg\" \/>\n<meta name=\"author\" content=\"Visi Vidal Gilsanz\" \/>\n<meta name=\"twitter:card\" content=\"summary_large_image\" \/>\n<meta name=\"twitter:label1\" content=\"Escrito por\" \/>\n\t<meta name=\"twitter:data1\" content=\"Visi Vidal Gilsanz\" \/>\n<script type=\"application\/ld+json\" class=\"yoast-schema-graph\">{\"@context\":\"https:\\\/\\\/schema.org\",\"@graph\":[{\"@type\":\"Article\",\"@id\":\"https:\\\/\\\/www.pirolos.org\\\/index.php\\\/2016\\\/11\\\/28\\\/abre-la-boca-sube-pan\\\/#article\",\"isPartOf\":{\"@id\":\"https:\\\/\\\/www.pirolos.org\\\/index.php\\\/2016\\\/11\\\/28\\\/abre-la-boca-sube-pan\\\/\"},\"author\":{\"name\":\"Visi Vidal Gilsanz\",\"@id\":\"https:\\\/\\\/www.pirolos.org\\\/#\\\/schema\\\/person\\\/017c1d1ce837da28086a3e01db9ee3d2\"},\"headline\":\"ABRE LA BOCA Y SUBE EL PAN\",\"datePublished\":\"2016-11-28T19:09:50+00:00\",\"mainEntityOfPage\":{\"@id\":\"https:\\\/\\\/www.pirolos.org\\\/index.php\\\/2016\\\/11\\\/28\\\/abre-la-boca-sube-pan\\\/\"},\"wordCount\":84,\"commentCount\":104,\"image\":{\"@id\":\"https:\\\/\\\/www.pirolos.org\\\/index.php\\\/2016\\\/11\\\/28\\\/abre-la-boca-sube-pan\\\/#primaryimage\"},\"thumbnailUrl\":\"https:\\\/\\\/www.pirolos.org\\\/wp-content\\\/uploads\\\/2016\\\/11\\\/Troump.jpg\",\"keywords\":[\"Cuando Trump abre la boca sube el pan\",\"Econom\u00eda liberal\",\"El zorro y el gallinero\"],\"inLanguage\":\"es\",\"potentialAction\":[{\"@type\":\"CommentAction\",\"name\":\"Comment\",\"target\":[\"https:\\\/\\\/www.pirolos.org\\\/index.php\\\/2016\\\/11\\\/28\\\/abre-la-boca-sube-pan\\\/#respond\"]}]},{\"@type\":\"WebPage\",\"@id\":\"https:\\\/\\\/www.pirolos.org\\\/index.php\\\/2016\\\/11\\\/28\\\/abre-la-boca-sube-pan\\\/\",\"url\":\"https:\\\/\\\/www.pirolos.org\\\/index.php\\\/2016\\\/11\\\/28\\\/abre-la-boca-sube-pan\\\/\",\"name\":\"ABRE LA BOCA Y SUBE EL PAN - By Visi Vidal\",\"isPartOf\":{\"@id\":\"https:\\\/\\\/www.pirolos.org\\\/#website\"},\"primaryImageOfPage\":{\"@id\":\"https:\\\/\\\/www.pirolos.org\\\/index.php\\\/2016\\\/11\\\/28\\\/abre-la-boca-sube-pan\\\/#primaryimage\"},\"image\":{\"@id\":\"https:\\\/\\\/www.pirolos.org\\\/index.php\\\/2016\\\/11\\\/28\\\/abre-la-boca-sube-pan\\\/#primaryimage\"},\"thumbnailUrl\":\"https:\\\/\\\/www.pirolos.org\\\/wp-content\\\/uploads\\\/2016\\\/11\\\/Troump.jpg\",\"datePublished\":\"2016-11-28T19:09:50+00:00\",\"author\":{\"@id\":\"https:\\\/\\\/www.pirolos.org\\\/#\\\/schema\\\/person\\\/017c1d1ce837da28086a3e01db9ee3d2\"},\"breadcrumb\":{\"@id\":\"https:\\\/\\\/www.pirolos.org\\\/index.php\\\/2016\\\/11\\\/28\\\/abre-la-boca-sube-pan\\\/#breadcrumb\"},\"inLanguage\":\"es\",\"potentialAction\":[{\"@type\":\"ReadAction\",\"target\":[\"https:\\\/\\\/www.pirolos.org\\\/index.php\\\/2016\\\/11\\\/28\\\/abre-la-boca-sube-pan\\\/\"]}]},{\"@type\":\"ImageObject\",\"inLanguage\":\"es\",\"@id\":\"https:\\\/\\\/www.pirolos.org\\\/index.php\\\/2016\\\/11\\\/28\\\/abre-la-boca-sube-pan\\\/#primaryimage\",\"url\":\"https:\\\/\\\/www.pirolos.org\\\/wp-content\\\/uploads\\\/2016\\\/11\\\/Troump.jpg\",\"contentUrl\":\"https:\\\/\\\/www.pirolos.org\\\/wp-content\\\/uploads\\\/2016\\\/11\\\/Troump.jpg\",\"width\":894,\"height\":541},{\"@type\":\"BreadcrumbList\",\"@id\":\"https:\\\/\\\/www.pirolos.org\\\/index.php\\\/2016\\\/11\\\/28\\\/abre-la-boca-sube-pan\\\/#breadcrumb\",\"itemListElement\":[{\"@type\":\"ListItem\",\"position\":1,\"name\":\"Portada\",\"item\":\"https:\\\/\\\/www.pirolos.org\\\/\"},{\"@type\":\"ListItem\",\"position\":2,\"name\":\"ABRE LA BOCA Y SUBE EL PAN\"}]},{\"@type\":\"WebSite\",\"@id\":\"https:\\\/\\\/www.pirolos.org\\\/#website\",\"url\":\"https:\\\/\\\/www.pirolos.org\\\/\",\"name\":\"By Visi Vidal\",\"description\":\"Humor y pensamiento c\u00edtrico\",\"potentialAction\":[{\"@type\":\"SearchAction\",\"target\":{\"@type\":\"EntryPoint\",\"urlTemplate\":\"https:\\\/\\\/www.pirolos.org\\\/?s={search_term_string}\"},\"query-input\":{\"@type\":\"PropertyValueSpecification\",\"valueRequired\":true,\"valueName\":\"search_term_string\"}}],\"inLanguage\":\"es\"},{\"@type\":\"Person\",\"@id\":\"https:\\\/\\\/www.pirolos.org\\\/#\\\/schema\\\/person\\\/017c1d1ce837da28086a3e01db9ee3d2\",\"name\":\"Visi Vidal Gilsanz\",\"image\":{\"@type\":\"ImageObject\",\"inLanguage\":\"es\",\"@id\":\"https:\\\/\\\/secure.gravatar.com\\\/avatar\\\/b7c362d7271737ddf2b995ecce51429621bd2235b051030d65b41462e9f45770?s=96&d=monsterid&r=r\",\"url\":\"https:\\\/\\\/secure.gravatar.com\\\/avatar\\\/b7c362d7271737ddf2b995ecce51429621bd2235b051030d65b41462e9f45770?s=96&d=monsterid&r=r\",\"contentUrl\":\"https:\\\/\\\/secure.gravatar.com\\\/avatar\\\/b7c362d7271737ddf2b995ecce51429621bd2235b051030d65b41462e9f45770?s=96&d=monsterid&r=r\",\"caption\":\"Visi Vidal Gilsanz\"},\"sameAs\":[\"http:\\\/\\\/www.pirolos.org\"],\"url\":\"https:\\\/\\\/www.pirolos.org\\\/index.php\\\/author\\\/admin-2\\\/\"}]}<\/script>\n<!-- \/ Yoast SEO plugin. -->","yoast_head_json":{"title":"ABRE LA BOCA Y SUBE EL PAN - By Visi Vidal","robots":{"index":"index","follow":"follow","max-snippet":"max-snippet:-1","max-image-preview":"max-image-preview:large","max-video-preview":"max-video-preview:-1"},"canonical":"https:\/\/www.pirolos.org\/index.php\/2016\/11\/28\/abre-la-boca-sube-pan\/","og_locale":"es_ES","og_type":"article","og_title":"ABRE LA BOCA Y SUBE EL PAN - By Visi Vidal","og_description":"\u00abGanar por goleada\u00bb y seguir protestando\u00a0(elpais) Resulta sospechoso\u00a0 tanto marear la perdiz con el tema, \u00a0aunque no s\u00e9 bien de qu\u00e9. Habr\u00e1 que ir mirando debajo de cada \u00abbocadillo\u00bb \u00a0para buscar pistas de lo que pretende el personaje. Tener un milmillonario que defiende la econom\u00eda liberal, en la que por definici\u00f3n el estado no debe&hellip; Continue reading ABRE LA BOCA Y SUBE EL PAN","og_url":"https:\/\/www.pirolos.org\/index.php\/2016\/11\/28\/abre-la-boca-sube-pan\/","og_site_name":"By Visi Vidal","article_published_time":"2016-11-28T19:09:50+00:00","og_image":[{"width":894,"height":541,"url":"https:\/\/www.pirolos.org\/wp-content\/uploads\/2016\/11\/Troump.jpg","type":"image\/jpeg"}],"author":"Visi Vidal Gilsanz","twitter_card":"summary_large_image","twitter_misc":{"Escrito por":"Visi Vidal Gilsanz"},"schema":{"@context":"https:\/\/schema.org","@graph":[{"@type":"Article","@id":"https:\/\/www.pirolos.org\/index.php\/2016\/11\/28\/abre-la-boca-sube-pan\/#article","isPartOf":{"@id":"https:\/\/www.pirolos.org\/index.php\/2016\/11\/28\/abre-la-boca-sube-pan\/"},"author":{"name":"Visi Vidal Gilsanz","@id":"https:\/\/www.pirolos.org\/#\/schema\/person\/017c1d1ce837da28086a3e01db9ee3d2"},"headline":"ABRE LA BOCA Y SUBE EL PAN","datePublished":"2016-11-28T19:09:50+00:00","mainEntityOfPage":{"@id":"https:\/\/www.pirolos.org\/index.php\/2016\/11\/28\/abre-la-boca-sube-pan\/"},"wordCount":84,"commentCount":104,"image":{"@id":"https:\/\/www.pirolos.org\/index.php\/2016\/11\/28\/abre-la-boca-sube-pan\/#primaryimage"},"thumbnailUrl":"https:\/\/www.pirolos.org\/wp-content\/uploads\/2016\/11\/Troump.jpg","keywords":["Cuando Trump abre la boca sube el pan","Econom\u00eda liberal","El zorro y el gallinero"],"inLanguage":"es","potentialAction":[{"@type":"CommentAction","name":"Comment","target":["https:\/\/www.pirolos.org\/index.php\/2016\/11\/28\/abre-la-boca-sube-pan\/#respond"]}]},{"@type":"WebPage","@id":"https:\/\/www.pirolos.org\/index.php\/2016\/11\/28\/abre-la-boca-sube-pan\/","url":"https:\/\/www.pirolos.org\/index.php\/2016\/11\/28\/abre-la-boca-sube-pan\/","name":"ABRE LA BOCA Y SUBE EL PAN - By Visi Vidal","isPartOf":{"@id":"https:\/\/www.pirolos.org\/#website"},"primaryImageOfPage":{"@id":"https:\/\/www.pirolos.org\/index.php\/2016\/11\/28\/abre-la-boca-sube-pan\/#primaryimage"},"image":{"@id":"https:\/\/www.pirolos.org\/index.php\/2016\/11\/28\/abre-la-boca-sube-pan\/#primaryimage"},"thumbnailUrl":"https:\/\/www.pirolos.org\/wp-content\/uploads\/2016\/11\/Troump.jpg","datePublished":"2016-11-28T19:09:50+00:00","author":{"@id":"https:\/\/www.pirolos.org\/#\/schema\/person\/017c1d1ce837da28086a3e01db9ee3d2"},"breadcrumb":{"@id":"https:\/\/www.pirolos.org\/index.php\/2016\/11\/28\/abre-la-boca-sube-pan\/#breadcrumb"},"inLanguage":"es","potentialAction":[{"@type":"ReadAction","target":["https:\/\/www.pirolos.org\/index.php\/2016\/11\/28\/abre-la-boca-sube-pan\/"]}]},{"@type":"ImageObject","inLanguage":"es","@id":"https:\/\/www.pirolos.org\/index.php\/2016\/11\/28\/abre-la-boca-sube-pan\/#primaryimage","url":"https:\/\/www.pirolos.org\/wp-content\/uploads\/2016\/11\/Troump.jpg","contentUrl":"https:\/\/www.pirolos.org\/wp-content\/uploads\/2016\/11\/Troump.jpg","width":894,"height":541},{"@type":"BreadcrumbList","@id":"https:\/\/www.pirolos.org\/index.php\/2016\/11\/28\/abre-la-boca-sube-pan\/#breadcrumb","itemListElement":[{"@type":"ListItem","position":1,"name":"Portada","item":"https:\/\/www.pirolos.org\/"},{"@type":"ListItem","position":2,"name":"ABRE LA BOCA Y SUBE EL PAN"}]},{"@type":"WebSite","@id":"https:\/\/www.pirolos.org\/#website","url":"https:\/\/www.pirolos.org\/","name":"By Visi Vidal","description":"Humor y pensamiento c\u00edtrico","potentialAction":[{"@type":"SearchAction","target":{"@type":"EntryPoint","urlTemplate":"https:\/\/www.pirolos.org\/?s={search_term_string}"},"query-input":{"@type":"PropertyValueSpecification","valueRequired":true,"valueName":"search_term_string"}}],"inLanguage":"es"},{"@type":"Person","@id":"https:\/\/www.pirolos.org\/#\/schema\/person\/017c1d1ce837da28086a3e01db9ee3d2","name":"Visi Vidal Gilsanz","image":{"@type":"ImageObject","inLanguage":"es","@id":"https:\/\/secure.gravatar.com\/avatar\/b7c362d7271737ddf2b995ecce51429621bd2235b051030d65b41462e9f45770?s=96&d=monsterid&r=r","url":"https:\/\/secure.gravatar.com\/avatar\/b7c362d7271737ddf2b995ecce51429621bd2235b051030d65b41462e9f45770?s=96&d=monsterid&r=r","contentUrl":"https:\/\/secure.gravatar.com\/avatar\/b7c362d7271737ddf2b995ecce51429621bd2235b051030d65b41462e9f45770?s=96&d=monsterid&r=r","caption":"Visi Vidal Gilsanz"},"sameAs":["https:\/\/www.pirolos.org"],"url":"https:\/\/www.pirolos.org\/index.php\/author\/admin-2\/"}]}},"_links":{"self":[{"href":"https:\/\/www.pirolos.org\/index.php\/wp-json\/wp\/v2\/posts\/241","targetHints":{"allow":["GET"]}}],"collection":[{"href":"https:\/\/www.pirolos.org\/index.php\/wp-json\/wp\/v2\/posts"}],"about":[{"href":"https:\/\/www.pirolos.org\/index.php\/wp-json\/wp\/v2\/types\/post"}],"author":[{"embeddable":true,"href":"https:\/\/www.pirolos.org\/index.php\/wp-json\/wp\/v2\/users\/2"}],"replies":[{"embeddable":true,"href":"https:\/\/www.pirolos.org\/index.php\/wp-json\/wp\/v2\/comments?post=241"}],"version-history":[{"count":1,"href":"https:\/\/www.pirolos.org\/index.php\/wp-json\/wp\/v2\/posts\/241\/revisions"}],"predecessor-version":[{"id":243,"href":"https:\/\/www.pirolos.org\/index.php\/wp-json\/wp\/v2\/posts\/241\/revisions\/243"}],"wp:featuredmedia":[{"embeddable":true,"href":"https:\/\/www.pirolos.org\/index.php\/wp-json\/wp\/v2\/media\/242"}],"wp:attachment":[{"href":"https:\/\/www.pirolos.org\/index.php\/wp-json\/wp\/v2\/media?parent=241"}],"wp:term":[{"taxonomy":"category","embeddable":true,"href":"https:\/\/www.pirolos.org\/index.php\/wp-json\/wp\/v2\/categories?post=241"},{"taxonomy":"post_tag","embeddable":true,"href":"https:\/\/www.pirolos.org\/index.php\/wp-json\/wp\/v2\/tags?post=241"}],"curies":[{"name":"wp","href":"https:\/\/api.w.org\/{rel}","templated":true}]}}