{"id":358,"date":"2017-10-26T16:08:18","date_gmt":"2017-10-26T16:08:18","guid":{"rendered":"https:\/\/www.pirolos.org\/?p=358"},"modified":"2017-10-26T16:08:18","modified_gmt":"2017-10-26T16:08:18","slug":"la-revelacion-la-inteligencia","status":"publish","type":"post","link":"https:\/\/www.pirolos.org\/index.php\/2017\/10\/26\/la-revelacion-la-inteligencia\/","title":{"rendered":"La revelaci\u00f3n de la inteligencia"},"content":{"rendered":"<h1><a href=\"https:\/\/retina.elpais.com\/retina\/2017\/10\/25\/tendencias\/1508952953_928580.html\"><em><span style=\"color: #008000;\">Cuando las personas piensan sin prejuicios aciertan m\u00e1s.<\/span><\/em><\/a><\/h1>\n<p>Lo pol\u00edticamente incorrecto, -lo que se rechaza por cuestiones de clase, sea religiosa, social, econ\u00f3mica o acad\u00e9mica-, no es una groser\u00eda <em>per se, <\/em>sino que\u00a0de hecho puede ser la guinda de la soluci\u00f3n del problema.<\/p>\n<p>Lo que m\u00e1s me gusta de esta conclusi\u00f3n cient\u00edfica es c\u00f3mo da en el morro a quienes desprecian a otras personas porque no comparten<em> su rollo<\/em>. No quer\u00edan mantener la corriente de su opini\u00f3n?, pues toma calambrazo.<\/p>\n<p>&nbsp;<\/p>\n<!-- AddThis Advanced Settings generic via filter on the_content --><!-- AddThis Share Buttons generic via filter on the_content -->","protected":false},"excerpt":{"rendered":"<p>Cuando las personas piensan sin prejuicios aciertan m\u00e1s. Lo pol\u00edticamente incorrecto, -lo que se rechaza por cuestiones de clase, sea religiosa, social, econ\u00f3mica o acad\u00e9mica-, no es una groser\u00eda per se, sino que\u00a0de hecho puede ser la guinda de la soluci\u00f3n del problema. Lo que m\u00e1s me gusta de esta conclusi\u00f3n cient\u00edfica es c\u00f3mo da&hellip; <a href=\"https:\/\/www.pirolos.org\/index.php\/2017\/10\/26\/la-revelacion-la-inteligencia\/\">Continue reading <span class=\"screen-reader-text\">La revelaci\u00f3n de la inteligencia<\/span><\/a><!-- AddThis Advanced Settings generic via filter on get_the_excerpt --><!-- AddThis Share Buttons generic via filter on get_the_excerpt --><\/p>\n","protected":false},"author":2,"featured_media":359,"comment_status":"open","ping_status":"open","sticky":false,"template":"","format":"standard","meta":{"_monsterinsights_skip_tracking":false,"_monsterinsights_sitenote_active":false,"_monsterinsights_sitenote_note":"","_monsterinsights_sitenote_category":0,"footnotes":""},"categories":[131],"tags":[133,123,132,124,134],"class_list":["post-358","post","type-post","status-publish","format-standard","has-post-thumbnail","hentry","category-inteligencia-colectiva","tag-articulo-155","tag-cataluna","tag-inteligencia-colectiva","tag-proces","tag-que-llueva-que-llueva"],"yoast_head":"<!-- This site is optimized with the Yoast SEO plugin v27.5 - https:\/\/yoast.com\/product\/yoast-seo-wordpress\/ -->\n<title>La revelaci\u00f3n de la inteligencia - By Visi Vidal<\/title>\n<meta name=\"robots\" content=\"index, follow, max-snippet:-1, max-image-preview:large, max-video-preview:-1\" \/>\n<link rel=\"canonical\" href=\"https:\/\/www.pirolos.org\/index.php\/2017\/10\/26\/la-revelacion-la-inteligencia\/\" \/>\n<meta property=\"og:locale\" content=\"es_ES\" \/>\n<meta property=\"og:type\" content=\"article\" \/>\n<meta property=\"og:title\" content=\"La revelaci\u00f3n de la inteligencia - By Visi Vidal\" \/>\n<meta property=\"og:description\" content=\"Cuando las personas piensan sin prejuicios aciertan m\u00e1s. Lo pol\u00edticamente incorrecto, -lo que se rechaza por cuestiones de clase, sea religiosa, social, econ\u00f3mica o acad\u00e9mica-, no es una groser\u00eda per se, sino que\u00a0de hecho puede ser la guinda de la soluci\u00f3n del problema. Lo que m\u00e1s me gusta de esta conclusi\u00f3n cient\u00edfica es c\u00f3mo da&hellip; Continue reading La revelaci\u00f3n de la inteligencia\" \/>\n<meta property=\"og:url\" content=\"https:\/\/www.pirolos.org\/index.php\/2017\/10\/26\/la-revelacion-la-inteligencia\/\" \/>\n<meta property=\"og:site_name\" content=\"By Visi Vidal\" \/>\n<meta property=\"article:published_time\" content=\"2017-10-26T16:08:18+00:00\" \/>\n<meta property=\"og:image\" content=\"https:\/\/www.pirolos.org\/wp-content\/uploads\/2017\/10\/La-revelaci\u00f3n-de-la-inteligencia.jpg\" \/>\n\t<meta property=\"og:image:width\" content=\"1252\" \/>\n\t<meta property=\"og:image:height\" content=\"740\" \/>\n\t<meta property=\"og:image:type\" content=\"image\/jpeg\" \/>\n<meta name=\"author\" content=\"Visi Vidal Gilsanz\" \/>\n<meta name=\"twitter:card\" content=\"summary_large_image\" \/>\n<meta name=\"twitter:label1\" content=\"Escrito por\" \/>\n\t<meta name=\"twitter:data1\" content=\"Visi Vidal Gilsanz\" \/>\n<script type=\"application\/ld+json\" class=\"yoast-schema-graph\">{\"@context\":\"https:\\\/\\\/schema.org\",\"@graph\":[{\"@type\":\"Article\",\"@id\":\"https:\\\/\\\/www.pirolos.org\\\/index.php\\\/2017\\\/10\\\/26\\\/la-revelacion-la-inteligencia\\\/#article\",\"isPartOf\":{\"@id\":\"https:\\\/\\\/www.pirolos.org\\\/index.php\\\/2017\\\/10\\\/26\\\/la-revelacion-la-inteligencia\\\/\"},\"author\":{\"name\":\"Visi Vidal Gilsanz\",\"@id\":\"https:\\\/\\\/www.pirolos.org\\\/#\\\/schema\\\/person\\\/017c1d1ce837da28086a3e01db9ee3d2\"},\"headline\":\"La revelaci\u00f3n de la inteligencia\",\"datePublished\":\"2017-10-26T16:08:18+00:00\",\"mainEntityOfPage\":{\"@id\":\"https:\\\/\\\/www.pirolos.org\\\/index.php\\\/2017\\\/10\\\/26\\\/la-revelacion-la-inteligencia\\\/\"},\"wordCount\":100,\"commentCount\":18,\"image\":{\"@id\":\"https:\\\/\\\/www.pirolos.org\\\/index.php\\\/2017\\\/10\\\/26\\\/la-revelacion-la-inteligencia\\\/#primaryimage\"},\"thumbnailUrl\":\"https:\\\/\\\/www.pirolos.org\\\/wp-content\\\/uploads\\\/2017\\\/10\\\/La-revelaci\u00f3n-de-la-inteligencia.jpg\",\"keywords\":[\"Art\u00edculo 155\",\"Catalu\u00f1a\",\"Inteligencia colectiva\",\"Proc\u00e9s\",\"Que llueva que llueva\"],\"articleSection\":[\"Inteligencia colectiva\"],\"inLanguage\":\"es\",\"potentialAction\":[{\"@type\":\"CommentAction\",\"name\":\"Comment\",\"target\":[\"https:\\\/\\\/www.pirolos.org\\\/index.php\\\/2017\\\/10\\\/26\\\/la-revelacion-la-inteligencia\\\/#respond\"]}]},{\"@type\":\"WebPage\",\"@id\":\"https:\\\/\\\/www.pirolos.org\\\/index.php\\\/2017\\\/10\\\/26\\\/la-revelacion-la-inteligencia\\\/\",\"url\":\"https:\\\/\\\/www.pirolos.org\\\/index.php\\\/2017\\\/10\\\/26\\\/la-revelacion-la-inteligencia\\\/\",\"name\":\"La revelaci\u00f3n de la inteligencia - By Visi Vidal\",\"isPartOf\":{\"@id\":\"https:\\\/\\\/www.pirolos.org\\\/#website\"},\"primaryImageOfPage\":{\"@id\":\"https:\\\/\\\/www.pirolos.org\\\/index.php\\\/2017\\\/10\\\/26\\\/la-revelacion-la-inteligencia\\\/#primaryimage\"},\"image\":{\"@id\":\"https:\\\/\\\/www.pirolos.org\\\/index.php\\\/2017\\\/10\\\/26\\\/la-revelacion-la-inteligencia\\\/#primaryimage\"},\"thumbnailUrl\":\"https:\\\/\\\/www.pirolos.org\\\/wp-content\\\/uploads\\\/2017\\\/10\\\/La-revelaci\u00f3n-de-la-inteligencia.jpg\",\"datePublished\":\"2017-10-26T16:08:18+00:00\",\"author\":{\"@id\":\"https:\\\/\\\/www.pirolos.org\\\/#\\\/schema\\\/person\\\/017c1d1ce837da28086a3e01db9ee3d2\"},\"breadcrumb\":{\"@id\":\"https:\\\/\\\/www.pirolos.org\\\/index.php\\\/2017\\\/10\\\/26\\\/la-revelacion-la-inteligencia\\\/#breadcrumb\"},\"inLanguage\":\"es\",\"potentialAction\":[{\"@type\":\"ReadAction\",\"target\":[\"https:\\\/\\\/www.pirolos.org\\\/index.php\\\/2017\\\/10\\\/26\\\/la-revelacion-la-inteligencia\\\/\"]}]},{\"@type\":\"ImageObject\",\"inLanguage\":\"es\",\"@id\":\"https:\\\/\\\/www.pirolos.org\\\/index.php\\\/2017\\\/10\\\/26\\\/la-revelacion-la-inteligencia\\\/#primaryimage\",\"url\":\"https:\\\/\\\/www.pirolos.org\\\/wp-content\\\/uploads\\\/2017\\\/10\\\/La-revelaci\u00f3n-de-la-inteligencia.jpg\",\"contentUrl\":\"https:\\\/\\\/www.pirolos.org\\\/wp-content\\\/uploads\\\/2017\\\/10\\\/La-revelaci\u00f3n-de-la-inteligencia.jpg\",\"width\":1252,\"height\":740},{\"@type\":\"BreadcrumbList\",\"@id\":\"https:\\\/\\\/www.pirolos.org\\\/index.php\\\/2017\\\/10\\\/26\\\/la-revelacion-la-inteligencia\\\/#breadcrumb\",\"itemListElement\":[{\"@type\":\"ListItem\",\"position\":1,\"name\":\"Portada\",\"item\":\"https:\\\/\\\/www.pirolos.org\\\/\"},{\"@type\":\"ListItem\",\"position\":2,\"name\":\"La revelaci\u00f3n de la inteligencia\"}]},{\"@type\":\"WebSite\",\"@id\":\"https:\\\/\\\/www.pirolos.org\\\/#website\",\"url\":\"https:\\\/\\\/www.pirolos.org\\\/\",\"name\":\"By Visi Vidal\",\"description\":\"Humor y pensamiento c\u00edtrico\",\"potentialAction\":[{\"@type\":\"SearchAction\",\"target\":{\"@type\":\"EntryPoint\",\"urlTemplate\":\"https:\\\/\\\/www.pirolos.org\\\/?s={search_term_string}\"},\"query-input\":{\"@type\":\"PropertyValueSpecification\",\"valueRequired\":true,\"valueName\":\"search_term_string\"}}],\"inLanguage\":\"es\"},{\"@type\":\"Person\",\"@id\":\"https:\\\/\\\/www.pirolos.org\\\/#\\\/schema\\\/person\\\/017c1d1ce837da28086a3e01db9ee3d2\",\"name\":\"Visi Vidal Gilsanz\",\"image\":{\"@type\":\"ImageObject\",\"inLanguage\":\"es\",\"@id\":\"https:\\\/\\\/secure.gravatar.com\\\/avatar\\\/b7c362d7271737ddf2b995ecce51429621bd2235b051030d65b41462e9f45770?s=96&d=monsterid&r=r\",\"url\":\"https:\\\/\\\/secure.gravatar.com\\\/avatar\\\/b7c362d7271737ddf2b995ecce51429621bd2235b051030d65b41462e9f45770?s=96&d=monsterid&r=r\",\"contentUrl\":\"https:\\\/\\\/secure.gravatar.com\\\/avatar\\\/b7c362d7271737ddf2b995ecce51429621bd2235b051030d65b41462e9f45770?s=96&d=monsterid&r=r\",\"caption\":\"Visi Vidal Gilsanz\"},\"sameAs\":[\"http:\\\/\\\/www.pirolos.org\"],\"url\":\"https:\\\/\\\/www.pirolos.org\\\/index.php\\\/author\\\/admin-2\\\/\"}]}<\/script>\n<!-- \/ Yoast SEO plugin. -->","yoast_head_json":{"title":"La revelaci\u00f3n de la inteligencia - By Visi Vidal","robots":{"index":"index","follow":"follow","max-snippet":"max-snippet:-1","max-image-preview":"max-image-preview:large","max-video-preview":"max-video-preview:-1"},"canonical":"https:\/\/www.pirolos.org\/index.php\/2017\/10\/26\/la-revelacion-la-inteligencia\/","og_locale":"es_ES","og_type":"article","og_title":"La revelaci\u00f3n de la inteligencia - By Visi Vidal","og_description":"Cuando las personas piensan sin prejuicios aciertan m\u00e1s. Lo pol\u00edticamente incorrecto, -lo que se rechaza por cuestiones de clase, sea religiosa, social, econ\u00f3mica o acad\u00e9mica-, no es una groser\u00eda per se, sino que\u00a0de hecho puede ser la guinda de la soluci\u00f3n del problema. Lo que m\u00e1s me gusta de esta conclusi\u00f3n cient\u00edfica es c\u00f3mo da&hellip; Continue reading La revelaci\u00f3n de la inteligencia","og_url":"https:\/\/www.pirolos.org\/index.php\/2017\/10\/26\/la-revelacion-la-inteligencia\/","og_site_name":"By Visi Vidal","article_published_time":"2017-10-26T16:08:18+00:00","og_image":[{"width":1252,"height":740,"url":"https:\/\/www.pirolos.org\/wp-content\/uploads\/2017\/10\/La-revelaci\u00f3n-de-la-inteligencia.jpg","type":"image\/jpeg"}],"author":"Visi Vidal Gilsanz","twitter_card":"summary_large_image","twitter_misc":{"Escrito por":"Visi Vidal Gilsanz"},"schema":{"@context":"https:\/\/schema.org","@graph":[{"@type":"Article","@id":"https:\/\/www.pirolos.org\/index.php\/2017\/10\/26\/la-revelacion-la-inteligencia\/#article","isPartOf":{"@id":"https:\/\/www.pirolos.org\/index.php\/2017\/10\/26\/la-revelacion-la-inteligencia\/"},"author":{"name":"Visi Vidal Gilsanz","@id":"https:\/\/www.pirolos.org\/#\/schema\/person\/017c1d1ce837da28086a3e01db9ee3d2"},"headline":"La revelaci\u00f3n de la inteligencia","datePublished":"2017-10-26T16:08:18+00:00","mainEntityOfPage":{"@id":"https:\/\/www.pirolos.org\/index.php\/2017\/10\/26\/la-revelacion-la-inteligencia\/"},"wordCount":100,"commentCount":18,"image":{"@id":"https:\/\/www.pirolos.org\/index.php\/2017\/10\/26\/la-revelacion-la-inteligencia\/#primaryimage"},"thumbnailUrl":"https:\/\/www.pirolos.org\/wp-content\/uploads\/2017\/10\/La-revelaci\u00f3n-de-la-inteligencia.jpg","keywords":["Art\u00edculo 155","Catalu\u00f1a","Inteligencia colectiva","Proc\u00e9s","Que llueva que llueva"],"articleSection":["Inteligencia colectiva"],"inLanguage":"es","potentialAction":[{"@type":"CommentAction","name":"Comment","target":["https:\/\/www.pirolos.org\/index.php\/2017\/10\/26\/la-revelacion-la-inteligencia\/#respond"]}]},{"@type":"WebPage","@id":"https:\/\/www.pirolos.org\/index.php\/2017\/10\/26\/la-revelacion-la-inteligencia\/","url":"https:\/\/www.pirolos.org\/index.php\/2017\/10\/26\/la-revelacion-la-inteligencia\/","name":"La revelaci\u00f3n de la inteligencia - By Visi Vidal","isPartOf":{"@id":"https:\/\/www.pirolos.org\/#website"},"primaryImageOfPage":{"@id":"https:\/\/www.pirolos.org\/index.php\/2017\/10\/26\/la-revelacion-la-inteligencia\/#primaryimage"},"image":{"@id":"https:\/\/www.pirolos.org\/index.php\/2017\/10\/26\/la-revelacion-la-inteligencia\/#primaryimage"},"thumbnailUrl":"https:\/\/www.pirolos.org\/wp-content\/uploads\/2017\/10\/La-revelaci\u00f3n-de-la-inteligencia.jpg","datePublished":"2017-10-26T16:08:18+00:00","author":{"@id":"https:\/\/www.pirolos.org\/#\/schema\/person\/017c1d1ce837da28086a3e01db9ee3d2"},"breadcrumb":{"@id":"https:\/\/www.pirolos.org\/index.php\/2017\/10\/26\/la-revelacion-la-inteligencia\/#breadcrumb"},"inLanguage":"es","potentialAction":[{"@type":"ReadAction","target":["https:\/\/www.pirolos.org\/index.php\/2017\/10\/26\/la-revelacion-la-inteligencia\/"]}]},{"@type":"ImageObject","inLanguage":"es","@id":"https:\/\/www.pirolos.org\/index.php\/2017\/10\/26\/la-revelacion-la-inteligencia\/#primaryimage","url":"https:\/\/www.pirolos.org\/wp-content\/uploads\/2017\/10\/La-revelaci\u00f3n-de-la-inteligencia.jpg","contentUrl":"https:\/\/www.pirolos.org\/wp-content\/uploads\/2017\/10\/La-revelaci\u00f3n-de-la-inteligencia.jpg","width":1252,"height":740},{"@type":"BreadcrumbList","@id":"https:\/\/www.pirolos.org\/index.php\/2017\/10\/26\/la-revelacion-la-inteligencia\/#breadcrumb","itemListElement":[{"@type":"ListItem","position":1,"name":"Portada","item":"https:\/\/www.pirolos.org\/"},{"@type":"ListItem","position":2,"name":"La revelaci\u00f3n de la inteligencia"}]},{"@type":"WebSite","@id":"https:\/\/www.pirolos.org\/#website","url":"https:\/\/www.pirolos.org\/","name":"By Visi Vidal","description":"Humor y pensamiento c\u00edtrico","potentialAction":[{"@type":"SearchAction","target":{"@type":"EntryPoint","urlTemplate":"https:\/\/www.pirolos.org\/?s={search_term_string}"},"query-input":{"@type":"PropertyValueSpecification","valueRequired":true,"valueName":"search_term_string"}}],"inLanguage":"es"},{"@type":"Person","@id":"https:\/\/www.pirolos.org\/#\/schema\/person\/017c1d1ce837da28086a3e01db9ee3d2","name":"Visi Vidal Gilsanz","image":{"@type":"ImageObject","inLanguage":"es","@id":"https:\/\/secure.gravatar.com\/avatar\/b7c362d7271737ddf2b995ecce51429621bd2235b051030d65b41462e9f45770?s=96&d=monsterid&r=r","url":"https:\/\/secure.gravatar.com\/avatar\/b7c362d7271737ddf2b995ecce51429621bd2235b051030d65b41462e9f45770?s=96&d=monsterid&r=r","contentUrl":"https:\/\/secure.gravatar.com\/avatar\/b7c362d7271737ddf2b995ecce51429621bd2235b051030d65b41462e9f45770?s=96&d=monsterid&r=r","caption":"Visi Vidal Gilsanz"},"sameAs":["https:\/\/www.pirolos.org"],"url":"https:\/\/www.pirolos.org\/index.php\/author\/admin-2\/"}]}},"_links":{"self":[{"href":"https:\/\/www.pirolos.org\/index.php\/wp-json\/wp\/v2\/posts\/358","targetHints":{"allow":["GET"]}}],"collection":[{"href":"https:\/\/www.pirolos.org\/index.php\/wp-json\/wp\/v2\/posts"}],"about":[{"href":"https:\/\/www.pirolos.org\/index.php\/wp-json\/wp\/v2\/types\/post"}],"author":[{"embeddable":true,"href":"https:\/\/www.pirolos.org\/index.php\/wp-json\/wp\/v2\/users\/2"}],"replies":[{"embeddable":true,"href":"https:\/\/www.pirolos.org\/index.php\/wp-json\/wp\/v2\/comments?post=358"}],"version-history":[{"count":1,"href":"https:\/\/www.pirolos.org\/index.php\/wp-json\/wp\/v2\/posts\/358\/revisions"}],"predecessor-version":[{"id":360,"href":"https:\/\/www.pirolos.org\/index.php\/wp-json\/wp\/v2\/posts\/358\/revisions\/360"}],"wp:featuredmedia":[{"embeddable":true,"href":"https:\/\/www.pirolos.org\/index.php\/wp-json\/wp\/v2\/media\/359"}],"wp:attachment":[{"href":"https:\/\/www.pirolos.org\/index.php\/wp-json\/wp\/v2\/media?parent=358"}],"wp:term":[{"taxonomy":"category","embeddable":true,"href":"https:\/\/www.pirolos.org\/index.php\/wp-json\/wp\/v2\/categories?post=358"},{"taxonomy":"post_tag","embeddable":true,"href":"https:\/\/www.pirolos.org\/index.php\/wp-json\/wp\/v2\/tags?post=358"}],"curies":[{"name":"wp","href":"https:\/\/api.w.org\/{rel}","templated":true}]}}