{"id":388,"date":"2018-02-14T00:01:16","date_gmt":"2018-02-14T00:01:16","guid":{"rendered":"https:\/\/www.pirolos.org\/?p=388"},"modified":"2018-02-19T17:33:51","modified_gmt":"2018-02-19T17:33:51","slug":"lo-publico-versus-lo-privado","status":"publish","type":"post","link":"https:\/\/www.pirolos.org\/index.php\/2018\/02\/14\/lo-publico-versus-lo-privado\/","title":{"rendered":"LO P\u00daBLICO VERSUS LO PRIVADO"},"content":{"rendered":"<p>El feminismo es un movimiento pol\u00edtico -\u00e1mbito p\u00fablico- de antes del 1900. L@s\u00a0 MeToo se hacen feministas como de repente en un mundo burgu\u00e9s despu\u00e9s de m\u00e1s de un siglo de trabajo de hero\u00ednas como la pakistan\u00ed<\/p>\n<h1><a href=\"https:\/\/elpais.com\/internacional\/2018\/02\/13\/actualidad\/1518537620_753110.html\"><span style=\"color: #008000;\"><em>\u00a0Asma Jahangir<\/em><\/span><\/a>.<\/h1>\n<p>Hay que reservar lo dom\u00e9stico y el vestido de odalisca para el \u00e1mbito de la vida privada y actuar en lo p\u00fablico con la decisi\u00f3n de lo que se quiere ser.<\/p>\n<p>El feminismo es proactivo, no victimista.\u00a0Sin concesiones. Sin complejos. Sin verg\u00fcenza ni culpa.<\/p>\n<p>Feliz San Valent\u00edn.<\/p>\n<!-- AddThis Advanced Settings generic via filter on the_content --><!-- AddThis Share Buttons generic via filter on the_content -->","protected":false},"excerpt":{"rendered":"<p>El feminismo es un movimiento pol\u00edtico -\u00e1mbito p\u00fablico- de antes del 1900. L@s\u00a0 MeToo se hacen feministas como de repente en un mundo burgu\u00e9s despu\u00e9s de m\u00e1s de un siglo de trabajo de hero\u00ednas como la pakistan\u00ed \u00a0Asma Jahangir. Hay que reservar lo dom\u00e9stico y el vestido de odalisca para el \u00e1mbito de la vida&hellip; <a href=\"https:\/\/www.pirolos.org\/index.php\/2018\/02\/14\/lo-publico-versus-lo-privado\/\">Continue reading <span class=\"screen-reader-text\">LO P\u00daBLICO VERSUS LO PRIVADO<\/span><\/a><!-- AddThis Advanced Settings generic via filter on get_the_excerpt --><!-- AddThis Share Buttons generic via filter on get_the_excerpt --><\/p>\n","protected":false},"author":2,"featured_media":389,"comment_status":"open","ping_status":"open","sticky":false,"template":"","format":"standard","meta":{"_monsterinsights_skip_tracking":false,"_monsterinsights_sitenote_active":false,"_monsterinsights_sitenote_note":"","_monsterinsights_sitenote_category":0,"footnotes":""},"categories":[161],"tags":[163,162],"class_list":["post-388","post","type-post","status-publish","format-standard","has-post-thumbnail","hentry","category-miercoles-de-carnaval","tag-metoo","tag-san-valentin-2018"],"yoast_head":"<!-- This site is optimized with the Yoast SEO plugin v27.5 - https:\/\/yoast.com\/product\/yoast-seo-wordpress\/ -->\n<title>LO P\u00daBLICO VERSUS LO PRIVADO - By Visi Vidal<\/title>\n<meta name=\"robots\" content=\"index, follow, max-snippet:-1, max-image-preview:large, max-video-preview:-1\" \/>\n<link rel=\"canonical\" href=\"https:\/\/www.pirolos.org\/index.php\/2018\/02\/14\/lo-publico-versus-lo-privado\/\" \/>\n<meta property=\"og:locale\" content=\"es_ES\" \/>\n<meta property=\"og:type\" content=\"article\" \/>\n<meta property=\"og:title\" content=\"LO P\u00daBLICO VERSUS LO PRIVADO - By Visi Vidal\" \/>\n<meta property=\"og:description\" content=\"El feminismo es un movimiento pol\u00edtico -\u00e1mbito p\u00fablico- de antes del 1900. L@s\u00a0 MeToo se hacen feministas como de repente en un mundo burgu\u00e9s despu\u00e9s de m\u00e1s de un siglo de trabajo de hero\u00ednas como la pakistan\u00ed \u00a0Asma Jahangir. Hay que reservar lo dom\u00e9stico y el vestido de odalisca para el \u00e1mbito de la vida&hellip; Continue reading LO P\u00daBLICO VERSUS LO PRIVADO\" \/>\n<meta property=\"og:url\" content=\"https:\/\/www.pirolos.org\/index.php\/2018\/02\/14\/lo-publico-versus-lo-privado\/\" \/>\n<meta property=\"og:site_name\" content=\"By Visi Vidal\" \/>\n<meta property=\"article:published_time\" content=\"2018-02-14T00:01:16+00:00\" \/>\n<meta property=\"article:modified_time\" content=\"2018-02-19T17:33:51+00:00\" \/>\n<meta property=\"og:image\" content=\"https:\/\/www.pirolos.org\/wp-content\/uploads\/2018\/02\/Celebrar-la-vida.jpg\" \/>\n\t<meta property=\"og:image:width\" content=\"1193\" \/>\n\t<meta property=\"og:image:height\" content=\"694\" \/>\n\t<meta property=\"og:image:type\" content=\"image\/jpeg\" \/>\n<meta name=\"author\" content=\"Visi Vidal Gilsanz\" \/>\n<meta name=\"twitter:card\" content=\"summary_large_image\" \/>\n<meta name=\"twitter:label1\" content=\"Escrito por\" \/>\n\t<meta name=\"twitter:data1\" content=\"Visi Vidal Gilsanz\" \/>\n<script type=\"application\/ld+json\" class=\"yoast-schema-graph\">{\"@context\":\"https:\\\/\\\/schema.org\",\"@graph\":[{\"@type\":\"Article\",\"@id\":\"https:\\\/\\\/www.pirolos.org\\\/index.php\\\/2018\\\/02\\\/14\\\/lo-publico-versus-lo-privado\\\/#article\",\"isPartOf\":{\"@id\":\"https:\\\/\\\/www.pirolos.org\\\/index.php\\\/2018\\\/02\\\/14\\\/lo-publico-versus-lo-privado\\\/\"},\"author\":{\"name\":\"Visi Vidal Gilsanz\",\"@id\":\"https:\\\/\\\/www.pirolos.org\\\/#\\\/schema\\\/person\\\/017c1d1ce837da28086a3e01db9ee3d2\"},\"headline\":\"LO P\u00daBLICO VERSUS LO PRIVADO\",\"datePublished\":\"2018-02-14T00:01:16+00:00\",\"dateModified\":\"2018-02-19T17:33:51+00:00\",\"mainEntityOfPage\":{\"@id\":\"https:\\\/\\\/www.pirolos.org\\\/index.php\\\/2018\\\/02\\\/14\\\/lo-publico-versus-lo-privado\\\/\"},\"wordCount\":105,\"commentCount\":354,\"image\":{\"@id\":\"https:\\\/\\\/www.pirolos.org\\\/index.php\\\/2018\\\/02\\\/14\\\/lo-publico-versus-lo-privado\\\/#primaryimage\"},\"thumbnailUrl\":\"https:\\\/\\\/www.pirolos.org\\\/wp-content\\\/uploads\\\/2018\\\/02\\\/Celebrar-la-vida.jpg\",\"keywords\":[\"#MeToo\",\"San Valent\u00edn 2018\"],\"articleSection\":[\"Mi\u00e9rcoles de Carnaval\"],\"inLanguage\":\"es\",\"potentialAction\":[{\"@type\":\"CommentAction\",\"name\":\"Comment\",\"target\":[\"https:\\\/\\\/www.pirolos.org\\\/index.php\\\/2018\\\/02\\\/14\\\/lo-publico-versus-lo-privado\\\/#respond\"]}]},{\"@type\":\"WebPage\",\"@id\":\"https:\\\/\\\/www.pirolos.org\\\/index.php\\\/2018\\\/02\\\/14\\\/lo-publico-versus-lo-privado\\\/\",\"url\":\"https:\\\/\\\/www.pirolos.org\\\/index.php\\\/2018\\\/02\\\/14\\\/lo-publico-versus-lo-privado\\\/\",\"name\":\"LO P\u00daBLICO VERSUS LO PRIVADO - By Visi Vidal\",\"isPartOf\":{\"@id\":\"https:\\\/\\\/www.pirolos.org\\\/#website\"},\"primaryImageOfPage\":{\"@id\":\"https:\\\/\\\/www.pirolos.org\\\/index.php\\\/2018\\\/02\\\/14\\\/lo-publico-versus-lo-privado\\\/#primaryimage\"},\"image\":{\"@id\":\"https:\\\/\\\/www.pirolos.org\\\/index.php\\\/2018\\\/02\\\/14\\\/lo-publico-versus-lo-privado\\\/#primaryimage\"},\"thumbnailUrl\":\"https:\\\/\\\/www.pirolos.org\\\/wp-content\\\/uploads\\\/2018\\\/02\\\/Celebrar-la-vida.jpg\",\"datePublished\":\"2018-02-14T00:01:16+00:00\",\"dateModified\":\"2018-02-19T17:33:51+00:00\",\"author\":{\"@id\":\"https:\\\/\\\/www.pirolos.org\\\/#\\\/schema\\\/person\\\/017c1d1ce837da28086a3e01db9ee3d2\"},\"breadcrumb\":{\"@id\":\"https:\\\/\\\/www.pirolos.org\\\/index.php\\\/2018\\\/02\\\/14\\\/lo-publico-versus-lo-privado\\\/#breadcrumb\"},\"inLanguage\":\"es\",\"potentialAction\":[{\"@type\":\"ReadAction\",\"target\":[\"https:\\\/\\\/www.pirolos.org\\\/index.php\\\/2018\\\/02\\\/14\\\/lo-publico-versus-lo-privado\\\/\"]}]},{\"@type\":\"ImageObject\",\"inLanguage\":\"es\",\"@id\":\"https:\\\/\\\/www.pirolos.org\\\/index.php\\\/2018\\\/02\\\/14\\\/lo-publico-versus-lo-privado\\\/#primaryimage\",\"url\":\"https:\\\/\\\/www.pirolos.org\\\/wp-content\\\/uploads\\\/2018\\\/02\\\/Celebrar-la-vida.jpg\",\"contentUrl\":\"https:\\\/\\\/www.pirolos.org\\\/wp-content\\\/uploads\\\/2018\\\/02\\\/Celebrar-la-vida.jpg\",\"width\":1193,\"height\":694},{\"@type\":\"BreadcrumbList\",\"@id\":\"https:\\\/\\\/www.pirolos.org\\\/index.php\\\/2018\\\/02\\\/14\\\/lo-publico-versus-lo-privado\\\/#breadcrumb\",\"itemListElement\":[{\"@type\":\"ListItem\",\"position\":1,\"name\":\"Portada\",\"item\":\"https:\\\/\\\/www.pirolos.org\\\/\"},{\"@type\":\"ListItem\",\"position\":2,\"name\":\"LO P\u00daBLICO VERSUS LO PRIVADO\"}]},{\"@type\":\"WebSite\",\"@id\":\"https:\\\/\\\/www.pirolos.org\\\/#website\",\"url\":\"https:\\\/\\\/www.pirolos.org\\\/\",\"name\":\"By Visi Vidal\",\"description\":\"Humor y pensamiento c\u00edtrico\",\"potentialAction\":[{\"@type\":\"SearchAction\",\"target\":{\"@type\":\"EntryPoint\",\"urlTemplate\":\"https:\\\/\\\/www.pirolos.org\\\/?s={search_term_string}\"},\"query-input\":{\"@type\":\"PropertyValueSpecification\",\"valueRequired\":true,\"valueName\":\"search_term_string\"}}],\"inLanguage\":\"es\"},{\"@type\":\"Person\",\"@id\":\"https:\\\/\\\/www.pirolos.org\\\/#\\\/schema\\\/person\\\/017c1d1ce837da28086a3e01db9ee3d2\",\"name\":\"Visi Vidal Gilsanz\",\"image\":{\"@type\":\"ImageObject\",\"inLanguage\":\"es\",\"@id\":\"https:\\\/\\\/secure.gravatar.com\\\/avatar\\\/b7c362d7271737ddf2b995ecce51429621bd2235b051030d65b41462e9f45770?s=96&d=monsterid&r=r\",\"url\":\"https:\\\/\\\/secure.gravatar.com\\\/avatar\\\/b7c362d7271737ddf2b995ecce51429621bd2235b051030d65b41462e9f45770?s=96&d=monsterid&r=r\",\"contentUrl\":\"https:\\\/\\\/secure.gravatar.com\\\/avatar\\\/b7c362d7271737ddf2b995ecce51429621bd2235b051030d65b41462e9f45770?s=96&d=monsterid&r=r\",\"caption\":\"Visi Vidal Gilsanz\"},\"sameAs\":[\"http:\\\/\\\/www.pirolos.org\"],\"url\":\"https:\\\/\\\/www.pirolos.org\\\/index.php\\\/author\\\/admin-2\\\/\"}]}<\/script>\n<!-- \/ Yoast SEO plugin. -->","yoast_head_json":{"title":"LO P\u00daBLICO VERSUS LO PRIVADO - By Visi Vidal","robots":{"index":"index","follow":"follow","max-snippet":"max-snippet:-1","max-image-preview":"max-image-preview:large","max-video-preview":"max-video-preview:-1"},"canonical":"https:\/\/www.pirolos.org\/index.php\/2018\/02\/14\/lo-publico-versus-lo-privado\/","og_locale":"es_ES","og_type":"article","og_title":"LO P\u00daBLICO VERSUS LO PRIVADO - By Visi Vidal","og_description":"El feminismo es un movimiento pol\u00edtico -\u00e1mbito p\u00fablico- de antes del 1900. L@s\u00a0 MeToo se hacen feministas como de repente en un mundo burgu\u00e9s despu\u00e9s de m\u00e1s de un siglo de trabajo de hero\u00ednas como la pakistan\u00ed \u00a0Asma Jahangir. Hay que reservar lo dom\u00e9stico y el vestido de odalisca para el \u00e1mbito de la vida&hellip; Continue reading LO P\u00daBLICO VERSUS LO PRIVADO","og_url":"https:\/\/www.pirolos.org\/index.php\/2018\/02\/14\/lo-publico-versus-lo-privado\/","og_site_name":"By Visi Vidal","article_published_time":"2018-02-14T00:01:16+00:00","article_modified_time":"2018-02-19T17:33:51+00:00","og_image":[{"width":1193,"height":694,"url":"https:\/\/www.pirolos.org\/wp-content\/uploads\/2018\/02\/Celebrar-la-vida.jpg","type":"image\/jpeg"}],"author":"Visi Vidal Gilsanz","twitter_card":"summary_large_image","twitter_misc":{"Escrito por":"Visi Vidal Gilsanz"},"schema":{"@context":"https:\/\/schema.org","@graph":[{"@type":"Article","@id":"https:\/\/www.pirolos.org\/index.php\/2018\/02\/14\/lo-publico-versus-lo-privado\/#article","isPartOf":{"@id":"https:\/\/www.pirolos.org\/index.php\/2018\/02\/14\/lo-publico-versus-lo-privado\/"},"author":{"name":"Visi Vidal Gilsanz","@id":"https:\/\/www.pirolos.org\/#\/schema\/person\/017c1d1ce837da28086a3e01db9ee3d2"},"headline":"LO P\u00daBLICO VERSUS LO PRIVADO","datePublished":"2018-02-14T00:01:16+00:00","dateModified":"2018-02-19T17:33:51+00:00","mainEntityOfPage":{"@id":"https:\/\/www.pirolos.org\/index.php\/2018\/02\/14\/lo-publico-versus-lo-privado\/"},"wordCount":105,"commentCount":354,"image":{"@id":"https:\/\/www.pirolos.org\/index.php\/2018\/02\/14\/lo-publico-versus-lo-privado\/#primaryimage"},"thumbnailUrl":"https:\/\/www.pirolos.org\/wp-content\/uploads\/2018\/02\/Celebrar-la-vida.jpg","keywords":["#MeToo","San Valent\u00edn 2018"],"articleSection":["Mi\u00e9rcoles de Carnaval"],"inLanguage":"es","potentialAction":[{"@type":"CommentAction","name":"Comment","target":["https:\/\/www.pirolos.org\/index.php\/2018\/02\/14\/lo-publico-versus-lo-privado\/#respond"]}]},{"@type":"WebPage","@id":"https:\/\/www.pirolos.org\/index.php\/2018\/02\/14\/lo-publico-versus-lo-privado\/","url":"https:\/\/www.pirolos.org\/index.php\/2018\/02\/14\/lo-publico-versus-lo-privado\/","name":"LO P\u00daBLICO VERSUS LO PRIVADO - By Visi Vidal","isPartOf":{"@id":"https:\/\/www.pirolos.org\/#website"},"primaryImageOfPage":{"@id":"https:\/\/www.pirolos.org\/index.php\/2018\/02\/14\/lo-publico-versus-lo-privado\/#primaryimage"},"image":{"@id":"https:\/\/www.pirolos.org\/index.php\/2018\/02\/14\/lo-publico-versus-lo-privado\/#primaryimage"},"thumbnailUrl":"https:\/\/www.pirolos.org\/wp-content\/uploads\/2018\/02\/Celebrar-la-vida.jpg","datePublished":"2018-02-14T00:01:16+00:00","dateModified":"2018-02-19T17:33:51+00:00","author":{"@id":"https:\/\/www.pirolos.org\/#\/schema\/person\/017c1d1ce837da28086a3e01db9ee3d2"},"breadcrumb":{"@id":"https:\/\/www.pirolos.org\/index.php\/2018\/02\/14\/lo-publico-versus-lo-privado\/#breadcrumb"},"inLanguage":"es","potentialAction":[{"@type":"ReadAction","target":["https:\/\/www.pirolos.org\/index.php\/2018\/02\/14\/lo-publico-versus-lo-privado\/"]}]},{"@type":"ImageObject","inLanguage":"es","@id":"https:\/\/www.pirolos.org\/index.php\/2018\/02\/14\/lo-publico-versus-lo-privado\/#primaryimage","url":"https:\/\/www.pirolos.org\/wp-content\/uploads\/2018\/02\/Celebrar-la-vida.jpg","contentUrl":"https:\/\/www.pirolos.org\/wp-content\/uploads\/2018\/02\/Celebrar-la-vida.jpg","width":1193,"height":694},{"@type":"BreadcrumbList","@id":"https:\/\/www.pirolos.org\/index.php\/2018\/02\/14\/lo-publico-versus-lo-privado\/#breadcrumb","itemListElement":[{"@type":"ListItem","position":1,"name":"Portada","item":"https:\/\/www.pirolos.org\/"},{"@type":"ListItem","position":2,"name":"LO P\u00daBLICO VERSUS LO PRIVADO"}]},{"@type":"WebSite","@id":"https:\/\/www.pirolos.org\/#website","url":"https:\/\/www.pirolos.org\/","name":"By Visi Vidal","description":"Humor y pensamiento c\u00edtrico","potentialAction":[{"@type":"SearchAction","target":{"@type":"EntryPoint","urlTemplate":"https:\/\/www.pirolos.org\/?s={search_term_string}"},"query-input":{"@type":"PropertyValueSpecification","valueRequired":true,"valueName":"search_term_string"}}],"inLanguage":"es"},{"@type":"Person","@id":"https:\/\/www.pirolos.org\/#\/schema\/person\/017c1d1ce837da28086a3e01db9ee3d2","name":"Visi Vidal Gilsanz","image":{"@type":"ImageObject","inLanguage":"es","@id":"https:\/\/secure.gravatar.com\/avatar\/b7c362d7271737ddf2b995ecce51429621bd2235b051030d65b41462e9f45770?s=96&d=monsterid&r=r","url":"https:\/\/secure.gravatar.com\/avatar\/b7c362d7271737ddf2b995ecce51429621bd2235b051030d65b41462e9f45770?s=96&d=monsterid&r=r","contentUrl":"https:\/\/secure.gravatar.com\/avatar\/b7c362d7271737ddf2b995ecce51429621bd2235b051030d65b41462e9f45770?s=96&d=monsterid&r=r","caption":"Visi Vidal Gilsanz"},"sameAs":["https:\/\/www.pirolos.org"],"url":"https:\/\/www.pirolos.org\/index.php\/author\/admin-2\/"}]}},"_links":{"self":[{"href":"https:\/\/www.pirolos.org\/index.php\/wp-json\/wp\/v2\/posts\/388","targetHints":{"allow":["GET"]}}],"collection":[{"href":"https:\/\/www.pirolos.org\/index.php\/wp-json\/wp\/v2\/posts"}],"about":[{"href":"https:\/\/www.pirolos.org\/index.php\/wp-json\/wp\/v2\/types\/post"}],"author":[{"embeddable":true,"href":"https:\/\/www.pirolos.org\/index.php\/wp-json\/wp\/v2\/users\/2"}],"replies":[{"embeddable":true,"href":"https:\/\/www.pirolos.org\/index.php\/wp-json\/wp\/v2\/comments?post=388"}],"version-history":[{"count":9,"href":"https:\/\/www.pirolos.org\/index.php\/wp-json\/wp\/v2\/posts\/388\/revisions"}],"predecessor-version":[{"id":399,"href":"https:\/\/www.pirolos.org\/index.php\/wp-json\/wp\/v2\/posts\/388\/revisions\/399"}],"wp:featuredmedia":[{"embeddable":true,"href":"https:\/\/www.pirolos.org\/index.php\/wp-json\/wp\/v2\/media\/389"}],"wp:attachment":[{"href":"https:\/\/www.pirolos.org\/index.php\/wp-json\/wp\/v2\/media?parent=388"}],"wp:term":[{"taxonomy":"category","embeddable":true,"href":"https:\/\/www.pirolos.org\/index.php\/wp-json\/wp\/v2\/categories?post=388"},{"taxonomy":"post_tag","embeddable":true,"href":"https:\/\/www.pirolos.org\/index.php\/wp-json\/wp\/v2\/tags?post=388"}],"curies":[{"name":"wp","href":"https:\/\/api.w.org\/{rel}","templated":true}]}}