{"id":448,"date":"2018-10-04T20:27:43","date_gmt":"2018-10-04T20:27:43","guid":{"rendered":"https:\/\/www.pirolos.org\/?p=448"},"modified":"2022-01-18T12:12:08","modified_gmt":"2022-01-18T12:12:08","slug":"les-academiques-la-lengua","status":"publish","type":"post","link":"https:\/\/www.pirolos.org\/index.php\/2018\/10\/04\/les-academiques-la-lengua\/","title":{"rendered":"LES ACAD\u00c9MIQUES DE LA LENGUA"},"content":{"rendered":"<p>En la RAE tienen la <a href=\"https:\/\/www.abc.es\/cultura\/abci-lenguaje-inclusivo-no-abordara-primer-pleno-porque-orden-esta-lleno-cosas-201810041314_noticia.html\"><span style=\"color: #008000;\">mi<\/span><span style=\"color: #008000;\">si\u00f3n de adecuar\u00a0 la Constituci\u00f3n Espa\u00f1ola al lenguaje inclusiv<\/span>o<\/a> y es una tarea delicada.<\/p>\n<p>La lengua no puede imponerse. Fluye en los entresijos del habla en los m\u00e1s diversos contextos sociales. Ni la &#8216;x&#8217; ni la &#8216;@&#8217; se pueden pronunciar. El plural inclusivo est\u00e1 floreciendo haciendo uso de la &#8216;e&#8217; propia del <del><span style=\"color: #808080;\">masculino<\/span>,<\/del> femenino <span style=\"color: #808080;\">(perd\u00f3n, la dislexia)<\/span> del asturiano; dicen que eso no les gusta all\u00ed, pero esa donaci\u00f3n ser\u00eda un hito en la historia de la lengua que hablan <a href=\"https:\/\/www.lavanguardia.com\/vangdata\/20150629\/54433056876\/cuantas-personas-hablan-espanol-en-el-mundo.html\"><span style=\"color: #008000;\">560 millones de personas\u00a0<\/span><\/a> y supondr\u00eda\u00a0un gran avance en el desarrollo de esta revoluci\u00f3n social\u00a0que pretende que\u00a0en el lenguaje quepa\u00a0cualquier persona independientemente de su g\u00e9nero:\u00a0 masculino, femenino, neutro, mixto o fluido.<\/p>\n<p>El g\u00e9nero deber\u00eda ser una condici\u00f3n privada, yendo m\u00e1s all\u00e1 de los plurales inclusivos, y el g\u00e9nero neutro terminado en &#8216;e&#8217; , en singular, podr\u00eda llegar a ser\u00a0\u00a0un modo de tratar a cualquier persona en el \u00e1mbito p\u00fablico, una demostraci\u00f3n de respeto hacia quien no conocemos.<\/p>\n<!-- AddThis Advanced Settings generic via filter on the_content --><!-- AddThis Share Buttons generic via filter on the_content -->","protected":false},"excerpt":{"rendered":"<p>En la RAE tienen la misi\u00f3n de adecuar\u00a0 la Constituci\u00f3n Espa\u00f1ola al lenguaje inclusivo y es una tarea delicada. La lengua no puede imponerse. Fluye en los entresijos del habla en los m\u00e1s diversos contextos sociales. Ni la &#8216;x&#8217; ni la &#8216;@&#8217; se pueden pronunciar. El plural inclusivo est\u00e1 floreciendo haciendo uso de la &#8216;e&#8217;&hellip; <a href=\"https:\/\/www.pirolos.org\/index.php\/2018\/10\/04\/les-academiques-la-lengua\/\">Continue reading <span class=\"screen-reader-text\">LES ACAD\u00c9MIQUES DE LA LENGUA<\/span><\/a><!-- AddThis Advanced Settings generic via filter on get_the_excerpt --><!-- AddThis Share Buttons generic via filter on get_the_excerpt --><\/p>\n","protected":false},"author":2,"featured_media":455,"comment_status":"open","ping_status":"open","sticky":false,"template":"","format":"standard","meta":{"_monsterinsights_skip_tracking":false,"_monsterinsights_sitenote_active":false,"_monsterinsights_sitenote_note":"","_monsterinsights_sitenote_category":0,"footnotes":""},"categories":[187],"tags":[188],"class_list":["post-448","post","type-post","status-publish","format-standard","has-post-thumbnail","hentry","category-la-lengua-real","tag-lenguaje-inclusivo"],"yoast_head":"<!-- This site is optimized with the Yoast SEO plugin v27.5 - https:\/\/yoast.com\/product\/yoast-seo-wordpress\/ -->\n<title>LES ACAD\u00c9MIQUES DE LA LENGUA - By Visi Vidal<\/title>\n<meta name=\"robots\" content=\"index, follow, max-snippet:-1, max-image-preview:large, max-video-preview:-1\" \/>\n<link rel=\"canonical\" href=\"https:\/\/www.pirolos.org\/index.php\/2018\/10\/04\/les-academiques-la-lengua\/\" \/>\n<meta property=\"og:locale\" content=\"es_ES\" \/>\n<meta property=\"og:type\" content=\"article\" \/>\n<meta property=\"og:title\" content=\"LES ACAD\u00c9MIQUES DE LA LENGUA - By Visi Vidal\" \/>\n<meta property=\"og:description\" content=\"En la RAE tienen la misi\u00f3n de adecuar\u00a0 la Constituci\u00f3n Espa\u00f1ola al lenguaje inclusivo y es una tarea delicada. La lengua no puede imponerse. Fluye en los entresijos del habla en los m\u00e1s diversos contextos sociales. Ni la &#8216;x&#8217; ni la &#8216;@&#8217; se pueden pronunciar. El plural inclusivo est\u00e1 floreciendo haciendo uso de la &#8216;e&#8217;&hellip; Continue reading LES ACAD\u00c9MIQUES DE LA LENGUA\" \/>\n<meta property=\"og:url\" content=\"https:\/\/www.pirolos.org\/index.php\/2018\/10\/04\/les-academiques-la-lengua\/\" \/>\n<meta property=\"og:site_name\" content=\"By Visi Vidal\" \/>\n<meta property=\"article:published_time\" content=\"2018-10-04T20:27:43+00:00\" \/>\n<meta property=\"article:modified_time\" content=\"2022-01-18T12:12:08+00:00\" \/>\n<meta property=\"og:image\" content=\"https:\/\/www.pirolos.org\/wp-content\/uploads\/2018\/10\/Lenguaje-inclusivo-1.png\" \/>\n\t<meta property=\"og:image:width\" content=\"938\" \/>\n\t<meta property=\"og:image:height\" content=\"670\" \/>\n\t<meta property=\"og:image:type\" content=\"image\/png\" \/>\n<meta name=\"author\" content=\"Visi Vidal Gilsanz\" \/>\n<meta name=\"twitter:card\" content=\"summary_large_image\" \/>\n<meta name=\"twitter:label1\" content=\"Escrito por\" \/>\n\t<meta name=\"twitter:data1\" content=\"Visi Vidal Gilsanz\" \/>\n\t<meta name=\"twitter:label2\" content=\"Tiempo de lectura\" \/>\n\t<meta name=\"twitter:data2\" content=\"1 minuto\" \/>\n<script type=\"application\/ld+json\" class=\"yoast-schema-graph\">{\"@context\":\"https:\\\/\\\/schema.org\",\"@graph\":[{\"@type\":\"Article\",\"@id\":\"https:\\\/\\\/www.pirolos.org\\\/index.php\\\/2018\\\/10\\\/04\\\/les-academiques-la-lengua\\\/#article\",\"isPartOf\":{\"@id\":\"https:\\\/\\\/www.pirolos.org\\\/index.php\\\/2018\\\/10\\\/04\\\/les-academiques-la-lengua\\\/\"},\"author\":{\"name\":\"Visi Vidal Gilsanz\",\"@id\":\"https:\\\/\\\/www.pirolos.org\\\/#\\\/schema\\\/person\\\/017c1d1ce837da28086a3e01db9ee3d2\"},\"headline\":\"LES ACAD\u00c9MIQUES DE LA LENGUA\",\"datePublished\":\"2018-10-04T20:27:43+00:00\",\"dateModified\":\"2022-01-18T12:12:08+00:00\",\"mainEntityOfPage\":{\"@id\":\"https:\\\/\\\/www.pirolos.org\\\/index.php\\\/2018\\\/10\\\/04\\\/les-academiques-la-lengua\\\/\"},\"wordCount\":189,\"commentCount\":92,\"image\":{\"@id\":\"https:\\\/\\\/www.pirolos.org\\\/index.php\\\/2018\\\/10\\\/04\\\/les-academiques-la-lengua\\\/#primaryimage\"},\"thumbnailUrl\":\"https:\\\/\\\/www.pirolos.org\\\/wp-content\\\/uploads\\\/2018\\\/10\\\/Lenguaje-inclusivo-1.png\",\"keywords\":[\"Lenguaje inclusivo\"],\"articleSection\":[\"La lengua REAL\"],\"inLanguage\":\"es\",\"potentialAction\":[{\"@type\":\"CommentAction\",\"name\":\"Comment\",\"target\":[\"https:\\\/\\\/www.pirolos.org\\\/index.php\\\/2018\\\/10\\\/04\\\/les-academiques-la-lengua\\\/#respond\"]}]},{\"@type\":\"WebPage\",\"@id\":\"https:\\\/\\\/www.pirolos.org\\\/index.php\\\/2018\\\/10\\\/04\\\/les-academiques-la-lengua\\\/\",\"url\":\"https:\\\/\\\/www.pirolos.org\\\/index.php\\\/2018\\\/10\\\/04\\\/les-academiques-la-lengua\\\/\",\"name\":\"LES ACAD\u00c9MIQUES DE LA LENGUA - By Visi Vidal\",\"isPartOf\":{\"@id\":\"https:\\\/\\\/www.pirolos.org\\\/#website\"},\"primaryImageOfPage\":{\"@id\":\"https:\\\/\\\/www.pirolos.org\\\/index.php\\\/2018\\\/10\\\/04\\\/les-academiques-la-lengua\\\/#primaryimage\"},\"image\":{\"@id\":\"https:\\\/\\\/www.pirolos.org\\\/index.php\\\/2018\\\/10\\\/04\\\/les-academiques-la-lengua\\\/#primaryimage\"},\"thumbnailUrl\":\"https:\\\/\\\/www.pirolos.org\\\/wp-content\\\/uploads\\\/2018\\\/10\\\/Lenguaje-inclusivo-1.png\",\"datePublished\":\"2018-10-04T20:27:43+00:00\",\"dateModified\":\"2022-01-18T12:12:08+00:00\",\"author\":{\"@id\":\"https:\\\/\\\/www.pirolos.org\\\/#\\\/schema\\\/person\\\/017c1d1ce837da28086a3e01db9ee3d2\"},\"breadcrumb\":{\"@id\":\"https:\\\/\\\/www.pirolos.org\\\/index.php\\\/2018\\\/10\\\/04\\\/les-academiques-la-lengua\\\/#breadcrumb\"},\"inLanguage\":\"es\",\"potentialAction\":[{\"@type\":\"ReadAction\",\"target\":[\"https:\\\/\\\/www.pirolos.org\\\/index.php\\\/2018\\\/10\\\/04\\\/les-academiques-la-lengua\\\/\"]}]},{\"@type\":\"ImageObject\",\"inLanguage\":\"es\",\"@id\":\"https:\\\/\\\/www.pirolos.org\\\/index.php\\\/2018\\\/10\\\/04\\\/les-academiques-la-lengua\\\/#primaryimage\",\"url\":\"https:\\\/\\\/www.pirolos.org\\\/wp-content\\\/uploads\\\/2018\\\/10\\\/Lenguaje-inclusivo-1.png\",\"contentUrl\":\"https:\\\/\\\/www.pirolos.org\\\/wp-content\\\/uploads\\\/2018\\\/10\\\/Lenguaje-inclusivo-1.png\",\"width\":938,\"height\":670},{\"@type\":\"BreadcrumbList\",\"@id\":\"https:\\\/\\\/www.pirolos.org\\\/index.php\\\/2018\\\/10\\\/04\\\/les-academiques-la-lengua\\\/#breadcrumb\",\"itemListElement\":[{\"@type\":\"ListItem\",\"position\":1,\"name\":\"Portada\",\"item\":\"https:\\\/\\\/www.pirolos.org\\\/\"},{\"@type\":\"ListItem\",\"position\":2,\"name\":\"LES ACAD\u00c9MIQUES DE LA LENGUA\"}]},{\"@type\":\"WebSite\",\"@id\":\"https:\\\/\\\/www.pirolos.org\\\/#website\",\"url\":\"https:\\\/\\\/www.pirolos.org\\\/\",\"name\":\"By Visi Vidal\",\"description\":\"Humor y pensamiento c\u00edtrico\",\"potentialAction\":[{\"@type\":\"SearchAction\",\"target\":{\"@type\":\"EntryPoint\",\"urlTemplate\":\"https:\\\/\\\/www.pirolos.org\\\/?s={search_term_string}\"},\"query-input\":{\"@type\":\"PropertyValueSpecification\",\"valueRequired\":true,\"valueName\":\"search_term_string\"}}],\"inLanguage\":\"es\"},{\"@type\":\"Person\",\"@id\":\"https:\\\/\\\/www.pirolos.org\\\/#\\\/schema\\\/person\\\/017c1d1ce837da28086a3e01db9ee3d2\",\"name\":\"Visi Vidal Gilsanz\",\"image\":{\"@type\":\"ImageObject\",\"inLanguage\":\"es\",\"@id\":\"https:\\\/\\\/secure.gravatar.com\\\/avatar\\\/b7c362d7271737ddf2b995ecce51429621bd2235b051030d65b41462e9f45770?s=96&d=monsterid&r=r\",\"url\":\"https:\\\/\\\/secure.gravatar.com\\\/avatar\\\/b7c362d7271737ddf2b995ecce51429621bd2235b051030d65b41462e9f45770?s=96&d=monsterid&r=r\",\"contentUrl\":\"https:\\\/\\\/secure.gravatar.com\\\/avatar\\\/b7c362d7271737ddf2b995ecce51429621bd2235b051030d65b41462e9f45770?s=96&d=monsterid&r=r\",\"caption\":\"Visi Vidal Gilsanz\"},\"sameAs\":[\"http:\\\/\\\/www.pirolos.org\"],\"url\":\"https:\\\/\\\/www.pirolos.org\\\/index.php\\\/author\\\/admin-2\\\/\"}]}<\/script>\n<!-- \/ Yoast SEO plugin. -->","yoast_head_json":{"title":"LES ACAD\u00c9MIQUES DE LA LENGUA - By Visi Vidal","robots":{"index":"index","follow":"follow","max-snippet":"max-snippet:-1","max-image-preview":"max-image-preview:large","max-video-preview":"max-video-preview:-1"},"canonical":"https:\/\/www.pirolos.org\/index.php\/2018\/10\/04\/les-academiques-la-lengua\/","og_locale":"es_ES","og_type":"article","og_title":"LES ACAD\u00c9MIQUES DE LA LENGUA - By Visi Vidal","og_description":"En la RAE tienen la misi\u00f3n de adecuar\u00a0 la Constituci\u00f3n Espa\u00f1ola al lenguaje inclusivo y es una tarea delicada. La lengua no puede imponerse. Fluye en los entresijos del habla en los m\u00e1s diversos contextos sociales. Ni la &#8216;x&#8217; ni la &#8216;@&#8217; se pueden pronunciar. El plural inclusivo est\u00e1 floreciendo haciendo uso de la &#8216;e&#8217;&hellip; Continue reading LES ACAD\u00c9MIQUES DE LA LENGUA","og_url":"https:\/\/www.pirolos.org\/index.php\/2018\/10\/04\/les-academiques-la-lengua\/","og_site_name":"By Visi Vidal","article_published_time":"2018-10-04T20:27:43+00:00","article_modified_time":"2022-01-18T12:12:08+00:00","og_image":[{"width":938,"height":670,"url":"https:\/\/www.pirolos.org\/wp-content\/uploads\/2018\/10\/Lenguaje-inclusivo-1.png","type":"image\/png"}],"author":"Visi Vidal Gilsanz","twitter_card":"summary_large_image","twitter_misc":{"Escrito por":"Visi Vidal Gilsanz","Tiempo de lectura":"1 minuto"},"schema":{"@context":"https:\/\/schema.org","@graph":[{"@type":"Article","@id":"https:\/\/www.pirolos.org\/index.php\/2018\/10\/04\/les-academiques-la-lengua\/#article","isPartOf":{"@id":"https:\/\/www.pirolos.org\/index.php\/2018\/10\/04\/les-academiques-la-lengua\/"},"author":{"name":"Visi Vidal Gilsanz","@id":"https:\/\/www.pirolos.org\/#\/schema\/person\/017c1d1ce837da28086a3e01db9ee3d2"},"headline":"LES ACAD\u00c9MIQUES DE LA LENGUA","datePublished":"2018-10-04T20:27:43+00:00","dateModified":"2022-01-18T12:12:08+00:00","mainEntityOfPage":{"@id":"https:\/\/www.pirolos.org\/index.php\/2018\/10\/04\/les-academiques-la-lengua\/"},"wordCount":189,"commentCount":92,"image":{"@id":"https:\/\/www.pirolos.org\/index.php\/2018\/10\/04\/les-academiques-la-lengua\/#primaryimage"},"thumbnailUrl":"https:\/\/www.pirolos.org\/wp-content\/uploads\/2018\/10\/Lenguaje-inclusivo-1.png","keywords":["Lenguaje inclusivo"],"articleSection":["La lengua REAL"],"inLanguage":"es","potentialAction":[{"@type":"CommentAction","name":"Comment","target":["https:\/\/www.pirolos.org\/index.php\/2018\/10\/04\/les-academiques-la-lengua\/#respond"]}]},{"@type":"WebPage","@id":"https:\/\/www.pirolos.org\/index.php\/2018\/10\/04\/les-academiques-la-lengua\/","url":"https:\/\/www.pirolos.org\/index.php\/2018\/10\/04\/les-academiques-la-lengua\/","name":"LES ACAD\u00c9MIQUES DE LA LENGUA - By Visi Vidal","isPartOf":{"@id":"https:\/\/www.pirolos.org\/#website"},"primaryImageOfPage":{"@id":"https:\/\/www.pirolos.org\/index.php\/2018\/10\/04\/les-academiques-la-lengua\/#primaryimage"},"image":{"@id":"https:\/\/www.pirolos.org\/index.php\/2018\/10\/04\/les-academiques-la-lengua\/#primaryimage"},"thumbnailUrl":"https:\/\/www.pirolos.org\/wp-content\/uploads\/2018\/10\/Lenguaje-inclusivo-1.png","datePublished":"2018-10-04T20:27:43+00:00","dateModified":"2022-01-18T12:12:08+00:00","author":{"@id":"https:\/\/www.pirolos.org\/#\/schema\/person\/017c1d1ce837da28086a3e01db9ee3d2"},"breadcrumb":{"@id":"https:\/\/www.pirolos.org\/index.php\/2018\/10\/04\/les-academiques-la-lengua\/#breadcrumb"},"inLanguage":"es","potentialAction":[{"@type":"ReadAction","target":["https:\/\/www.pirolos.org\/index.php\/2018\/10\/04\/les-academiques-la-lengua\/"]}]},{"@type":"ImageObject","inLanguage":"es","@id":"https:\/\/www.pirolos.org\/index.php\/2018\/10\/04\/les-academiques-la-lengua\/#primaryimage","url":"https:\/\/www.pirolos.org\/wp-content\/uploads\/2018\/10\/Lenguaje-inclusivo-1.png","contentUrl":"https:\/\/www.pirolos.org\/wp-content\/uploads\/2018\/10\/Lenguaje-inclusivo-1.png","width":938,"height":670},{"@type":"BreadcrumbList","@id":"https:\/\/www.pirolos.org\/index.php\/2018\/10\/04\/les-academiques-la-lengua\/#breadcrumb","itemListElement":[{"@type":"ListItem","position":1,"name":"Portada","item":"https:\/\/www.pirolos.org\/"},{"@type":"ListItem","position":2,"name":"LES ACAD\u00c9MIQUES DE LA LENGUA"}]},{"@type":"WebSite","@id":"https:\/\/www.pirolos.org\/#website","url":"https:\/\/www.pirolos.org\/","name":"By Visi Vidal","description":"Humor y pensamiento c\u00edtrico","potentialAction":[{"@type":"SearchAction","target":{"@type":"EntryPoint","urlTemplate":"https:\/\/www.pirolos.org\/?s={search_term_string}"},"query-input":{"@type":"PropertyValueSpecification","valueRequired":true,"valueName":"search_term_string"}}],"inLanguage":"es"},{"@type":"Person","@id":"https:\/\/www.pirolos.org\/#\/schema\/person\/017c1d1ce837da28086a3e01db9ee3d2","name":"Visi Vidal Gilsanz","image":{"@type":"ImageObject","inLanguage":"es","@id":"https:\/\/secure.gravatar.com\/avatar\/b7c362d7271737ddf2b995ecce51429621bd2235b051030d65b41462e9f45770?s=96&d=monsterid&r=r","url":"https:\/\/secure.gravatar.com\/avatar\/b7c362d7271737ddf2b995ecce51429621bd2235b051030d65b41462e9f45770?s=96&d=monsterid&r=r","contentUrl":"https:\/\/secure.gravatar.com\/avatar\/b7c362d7271737ddf2b995ecce51429621bd2235b051030d65b41462e9f45770?s=96&d=monsterid&r=r","caption":"Visi Vidal Gilsanz"},"sameAs":["https:\/\/www.pirolos.org"],"url":"https:\/\/www.pirolos.org\/index.php\/author\/admin-2\/"}]}},"_links":{"self":[{"href":"https:\/\/www.pirolos.org\/index.php\/wp-json\/wp\/v2\/posts\/448","targetHints":{"allow":["GET"]}}],"collection":[{"href":"https:\/\/www.pirolos.org\/index.php\/wp-json\/wp\/v2\/posts"}],"about":[{"href":"https:\/\/www.pirolos.org\/index.php\/wp-json\/wp\/v2\/types\/post"}],"author":[{"embeddable":true,"href":"https:\/\/www.pirolos.org\/index.php\/wp-json\/wp\/v2\/users\/2"}],"replies":[{"embeddable":true,"href":"https:\/\/www.pirolos.org\/index.php\/wp-json\/wp\/v2\/comments?post=448"}],"version-history":[{"count":8,"href":"https:\/\/www.pirolos.org\/index.php\/wp-json\/wp\/v2\/posts\/448\/revisions"}],"predecessor-version":[{"id":588,"href":"https:\/\/www.pirolos.org\/index.php\/wp-json\/wp\/v2\/posts\/448\/revisions\/588"}],"wp:featuredmedia":[{"embeddable":true,"href":"https:\/\/www.pirolos.org\/index.php\/wp-json\/wp\/v2\/media\/455"}],"wp:attachment":[{"href":"https:\/\/www.pirolos.org\/index.php\/wp-json\/wp\/v2\/media?parent=448"}],"wp:term":[{"taxonomy":"category","embeddable":true,"href":"https:\/\/www.pirolos.org\/index.php\/wp-json\/wp\/v2\/categories?post=448"},{"taxonomy":"post_tag","embeddable":true,"href":"https:\/\/www.pirolos.org\/index.php\/wp-json\/wp\/v2\/tags?post=448"}],"curies":[{"name":"wp","href":"https:\/\/api.w.org\/{rel}","templated":true}]}}