{"id":540,"date":"2019-05-30T08:00:34","date_gmt":"2019-05-30T08:00:34","guid":{"rendered":"https:\/\/www.pirolos.org\/?p=540"},"modified":"2019-05-29T22:43:46","modified_gmt":"2019-05-29T22:43:46","slug":"parar-de-fumar","status":"publish","type":"post","link":"https:\/\/www.pirolos.org\/index.php\/2019\/05\/30\/parar-de-fumar\/","title":{"rendered":"PARAR DE FUMAR"},"content":{"rendered":"\n<p>El d\u00eda 31 de mayo es el elegido por la Organizaci\u00f3n Mundial de la Salud como D\u00eda Mundial sin Tabaco.<\/p>\n\n\n\n<p class=\"has-text-color has-very-dark-gray-color\">Deja de fumar y cuental\u00f3:<a href=\"https:\/\/nuevastecsomamfyc.wordpress.com\/2017\/02\/15\/proyecto-stoptabaco31demayo\/\"> #stoptabaco31demayo<\/a><\/p>\n\n\n\n<p><br><\/p>\n<!-- AddThis Advanced Settings generic via filter on the_content --><!-- AddThis Share Buttons generic via filter on the_content -->","protected":false},"excerpt":{"rendered":"<p>El d\u00eda 31 de mayo es el elegido por la Organizaci\u00f3n Mundial de la Salud como D\u00eda Mundial sin Tabaco. Deja de fumar y cuental\u00f3: #stoptabaco31demayo<!-- AddThis Advanced Settings generic via filter on get_the_excerpt --><!-- AddThis Share Buttons generic via filter on get_the_excerpt --><\/p>\n","protected":false},"author":2,"featured_media":541,"comment_status":"open","ping_status":"open","sticky":false,"template":"","format":"standard","meta":{"_monsterinsights_skip_tracking":false,"_monsterinsights_sitenote_active":false,"_monsterinsights_sitenote_note":"","_monsterinsights_sitenote_category":0,"footnotes":""},"categories":[223],"tags":[222],"class_list":["post-540","post","type-post","status-publish","format-standard","has-post-thumbnail","hentry","category-fumar","tag-stoptabaco31demayo"],"yoast_head":"<!-- This site is optimized with the Yoast SEO plugin v27.5 - https:\/\/yoast.com\/product\/yoast-seo-wordpress\/ -->\n<title>PARAR DE FUMAR - By Visi Vidal<\/title>\n<meta name=\"robots\" content=\"index, follow, max-snippet:-1, max-image-preview:large, max-video-preview:-1\" \/>\n<link rel=\"canonical\" href=\"https:\/\/www.pirolos.org\/index.php\/2019\/05\/30\/parar-de-fumar\/\" \/>\n<meta property=\"og:locale\" content=\"es_ES\" \/>\n<meta property=\"og:type\" content=\"article\" \/>\n<meta property=\"og:title\" content=\"PARAR DE FUMAR - By Visi Vidal\" \/>\n<meta property=\"og:description\" content=\"El d\u00eda 31 de mayo es el elegido por la Organizaci\u00f3n Mundial de la Salud como D\u00eda Mundial sin Tabaco. Deja de fumar y cuental\u00f3: #stoptabaco31demayo\" \/>\n<meta property=\"og:url\" content=\"https:\/\/www.pirolos.org\/index.php\/2019\/05\/30\/parar-de-fumar\/\" \/>\n<meta property=\"og:site_name\" content=\"By Visi Vidal\" \/>\n<meta property=\"article:published_time\" content=\"2019-05-30T08:00:34+00:00\" \/>\n<meta property=\"og:image\" content=\"https:\/\/www.pirolos.org\/wp-content\/uploads\/2019\/05\/Parar-de-fumar.jpg\" \/>\n\t<meta property=\"og:image:width\" content=\"905\" \/>\n\t<meta property=\"og:image:height\" content=\"696\" \/>\n\t<meta property=\"og:image:type\" content=\"image\/jpeg\" \/>\n<meta name=\"author\" content=\"Visi Vidal Gilsanz\" \/>\n<meta name=\"twitter:card\" content=\"summary_large_image\" \/>\n<meta name=\"twitter:label1\" content=\"Escrito por\" \/>\n\t<meta name=\"twitter:data1\" content=\"Visi Vidal Gilsanz\" \/>\n<script type=\"application\/ld+json\" class=\"yoast-schema-graph\">{\"@context\":\"https:\\\/\\\/schema.org\",\"@graph\":[{\"@type\":\"Article\",\"@id\":\"https:\\\/\\\/www.pirolos.org\\\/index.php\\\/2019\\\/05\\\/30\\\/parar-de-fumar\\\/#article\",\"isPartOf\":{\"@id\":\"https:\\\/\\\/www.pirolos.org\\\/index.php\\\/2019\\\/05\\\/30\\\/parar-de-fumar\\\/\"},\"author\":{\"name\":\"Visi Vidal Gilsanz\",\"@id\":\"https:\\\/\\\/www.pirolos.org\\\/#\\\/schema\\\/person\\\/017c1d1ce837da28086a3e01db9ee3d2\"},\"headline\":\"PARAR DE FUMAR\",\"datePublished\":\"2019-05-30T08:00:34+00:00\",\"mainEntityOfPage\":{\"@id\":\"https:\\\/\\\/www.pirolos.org\\\/index.php\\\/2019\\\/05\\\/30\\\/parar-de-fumar\\\/\"},\"wordCount\":32,\"commentCount\":6062,\"image\":{\"@id\":\"https:\\\/\\\/www.pirolos.org\\\/index.php\\\/2019\\\/05\\\/30\\\/parar-de-fumar\\\/#primaryimage\"},\"thumbnailUrl\":\"https:\\\/\\\/www.pirolos.org\\\/wp-content\\\/uploads\\\/2019\\\/05\\\/Parar-de-fumar.jpg\",\"keywords\":[\"#stoptabaco31demayo\"],\"articleSection\":[\"Fumar\"],\"inLanguage\":\"es\",\"potentialAction\":[{\"@type\":\"CommentAction\",\"name\":\"Comment\",\"target\":[\"https:\\\/\\\/www.pirolos.org\\\/index.php\\\/2019\\\/05\\\/30\\\/parar-de-fumar\\\/#respond\"]}]},{\"@type\":\"WebPage\",\"@id\":\"https:\\\/\\\/www.pirolos.org\\\/index.php\\\/2019\\\/05\\\/30\\\/parar-de-fumar\\\/\",\"url\":\"https:\\\/\\\/www.pirolos.org\\\/index.php\\\/2019\\\/05\\\/30\\\/parar-de-fumar\\\/\",\"name\":\"PARAR DE FUMAR - By Visi Vidal\",\"isPartOf\":{\"@id\":\"https:\\\/\\\/www.pirolos.org\\\/#website\"},\"primaryImageOfPage\":{\"@id\":\"https:\\\/\\\/www.pirolos.org\\\/index.php\\\/2019\\\/05\\\/30\\\/parar-de-fumar\\\/#primaryimage\"},\"image\":{\"@id\":\"https:\\\/\\\/www.pirolos.org\\\/index.php\\\/2019\\\/05\\\/30\\\/parar-de-fumar\\\/#primaryimage\"},\"thumbnailUrl\":\"https:\\\/\\\/www.pirolos.org\\\/wp-content\\\/uploads\\\/2019\\\/05\\\/Parar-de-fumar.jpg\",\"datePublished\":\"2019-05-30T08:00:34+00:00\",\"author\":{\"@id\":\"https:\\\/\\\/www.pirolos.org\\\/#\\\/schema\\\/person\\\/017c1d1ce837da28086a3e01db9ee3d2\"},\"breadcrumb\":{\"@id\":\"https:\\\/\\\/www.pirolos.org\\\/index.php\\\/2019\\\/05\\\/30\\\/parar-de-fumar\\\/#breadcrumb\"},\"inLanguage\":\"es\",\"potentialAction\":[{\"@type\":\"ReadAction\",\"target\":[\"https:\\\/\\\/www.pirolos.org\\\/index.php\\\/2019\\\/05\\\/30\\\/parar-de-fumar\\\/\"]}]},{\"@type\":\"ImageObject\",\"inLanguage\":\"es\",\"@id\":\"https:\\\/\\\/www.pirolos.org\\\/index.php\\\/2019\\\/05\\\/30\\\/parar-de-fumar\\\/#primaryimage\",\"url\":\"https:\\\/\\\/www.pirolos.org\\\/wp-content\\\/uploads\\\/2019\\\/05\\\/Parar-de-fumar.jpg\",\"contentUrl\":\"https:\\\/\\\/www.pirolos.org\\\/wp-content\\\/uploads\\\/2019\\\/05\\\/Parar-de-fumar.jpg\",\"width\":905,\"height\":696},{\"@type\":\"BreadcrumbList\",\"@id\":\"https:\\\/\\\/www.pirolos.org\\\/index.php\\\/2019\\\/05\\\/30\\\/parar-de-fumar\\\/#breadcrumb\",\"itemListElement\":[{\"@type\":\"ListItem\",\"position\":1,\"name\":\"Portada\",\"item\":\"https:\\\/\\\/www.pirolos.org\\\/\"},{\"@type\":\"ListItem\",\"position\":2,\"name\":\"PARAR DE FUMAR\"}]},{\"@type\":\"WebSite\",\"@id\":\"https:\\\/\\\/www.pirolos.org\\\/#website\",\"url\":\"https:\\\/\\\/www.pirolos.org\\\/\",\"name\":\"By Visi Vidal\",\"description\":\"Humor y pensamiento c\u00edtrico\",\"potentialAction\":[{\"@type\":\"SearchAction\",\"target\":{\"@type\":\"EntryPoint\",\"urlTemplate\":\"https:\\\/\\\/www.pirolos.org\\\/?s={search_term_string}\"},\"query-input\":{\"@type\":\"PropertyValueSpecification\",\"valueRequired\":true,\"valueName\":\"search_term_string\"}}],\"inLanguage\":\"es\"},{\"@type\":\"Person\",\"@id\":\"https:\\\/\\\/www.pirolos.org\\\/#\\\/schema\\\/person\\\/017c1d1ce837da28086a3e01db9ee3d2\",\"name\":\"Visi Vidal Gilsanz\",\"image\":{\"@type\":\"ImageObject\",\"inLanguage\":\"es\",\"@id\":\"https:\\\/\\\/secure.gravatar.com\\\/avatar\\\/b7c362d7271737ddf2b995ecce51429621bd2235b051030d65b41462e9f45770?s=96&d=monsterid&r=r\",\"url\":\"https:\\\/\\\/secure.gravatar.com\\\/avatar\\\/b7c362d7271737ddf2b995ecce51429621bd2235b051030d65b41462e9f45770?s=96&d=monsterid&r=r\",\"contentUrl\":\"https:\\\/\\\/secure.gravatar.com\\\/avatar\\\/b7c362d7271737ddf2b995ecce51429621bd2235b051030d65b41462e9f45770?s=96&d=monsterid&r=r\",\"caption\":\"Visi Vidal Gilsanz\"},\"sameAs\":[\"http:\\\/\\\/www.pirolos.org\"],\"url\":\"https:\\\/\\\/www.pirolos.org\\\/index.php\\\/author\\\/admin-2\\\/\"}]}<\/script>\n<!-- \/ Yoast SEO plugin. -->","yoast_head_json":{"title":"PARAR DE FUMAR - By Visi Vidal","robots":{"index":"index","follow":"follow","max-snippet":"max-snippet:-1","max-image-preview":"max-image-preview:large","max-video-preview":"max-video-preview:-1"},"canonical":"https:\/\/www.pirolos.org\/index.php\/2019\/05\/30\/parar-de-fumar\/","og_locale":"es_ES","og_type":"article","og_title":"PARAR DE FUMAR - By Visi Vidal","og_description":"El d\u00eda 31 de mayo es el elegido por la Organizaci\u00f3n Mundial de la Salud como D\u00eda Mundial sin Tabaco. Deja de fumar y cuental\u00f3: #stoptabaco31demayo","og_url":"https:\/\/www.pirolos.org\/index.php\/2019\/05\/30\/parar-de-fumar\/","og_site_name":"By Visi Vidal","article_published_time":"2019-05-30T08:00:34+00:00","og_image":[{"width":905,"height":696,"url":"https:\/\/www.pirolos.org\/wp-content\/uploads\/2019\/05\/Parar-de-fumar.jpg","type":"image\/jpeg"}],"author":"Visi Vidal Gilsanz","twitter_card":"summary_large_image","twitter_misc":{"Escrito por":"Visi Vidal Gilsanz"},"schema":{"@context":"https:\/\/schema.org","@graph":[{"@type":"Article","@id":"https:\/\/www.pirolos.org\/index.php\/2019\/05\/30\/parar-de-fumar\/#article","isPartOf":{"@id":"https:\/\/www.pirolos.org\/index.php\/2019\/05\/30\/parar-de-fumar\/"},"author":{"name":"Visi Vidal Gilsanz","@id":"https:\/\/www.pirolos.org\/#\/schema\/person\/017c1d1ce837da28086a3e01db9ee3d2"},"headline":"PARAR DE FUMAR","datePublished":"2019-05-30T08:00:34+00:00","mainEntityOfPage":{"@id":"https:\/\/www.pirolos.org\/index.php\/2019\/05\/30\/parar-de-fumar\/"},"wordCount":32,"commentCount":6062,"image":{"@id":"https:\/\/www.pirolos.org\/index.php\/2019\/05\/30\/parar-de-fumar\/#primaryimage"},"thumbnailUrl":"https:\/\/www.pirolos.org\/wp-content\/uploads\/2019\/05\/Parar-de-fumar.jpg","keywords":["#stoptabaco31demayo"],"articleSection":["Fumar"],"inLanguage":"es","potentialAction":[{"@type":"CommentAction","name":"Comment","target":["https:\/\/www.pirolos.org\/index.php\/2019\/05\/30\/parar-de-fumar\/#respond"]}]},{"@type":"WebPage","@id":"https:\/\/www.pirolos.org\/index.php\/2019\/05\/30\/parar-de-fumar\/","url":"https:\/\/www.pirolos.org\/index.php\/2019\/05\/30\/parar-de-fumar\/","name":"PARAR DE FUMAR - By Visi Vidal","isPartOf":{"@id":"https:\/\/www.pirolos.org\/#website"},"primaryImageOfPage":{"@id":"https:\/\/www.pirolos.org\/index.php\/2019\/05\/30\/parar-de-fumar\/#primaryimage"},"image":{"@id":"https:\/\/www.pirolos.org\/index.php\/2019\/05\/30\/parar-de-fumar\/#primaryimage"},"thumbnailUrl":"https:\/\/www.pirolos.org\/wp-content\/uploads\/2019\/05\/Parar-de-fumar.jpg","datePublished":"2019-05-30T08:00:34+00:00","author":{"@id":"https:\/\/www.pirolos.org\/#\/schema\/person\/017c1d1ce837da28086a3e01db9ee3d2"},"breadcrumb":{"@id":"https:\/\/www.pirolos.org\/index.php\/2019\/05\/30\/parar-de-fumar\/#breadcrumb"},"inLanguage":"es","potentialAction":[{"@type":"ReadAction","target":["https:\/\/www.pirolos.org\/index.php\/2019\/05\/30\/parar-de-fumar\/"]}]},{"@type":"ImageObject","inLanguage":"es","@id":"https:\/\/www.pirolos.org\/index.php\/2019\/05\/30\/parar-de-fumar\/#primaryimage","url":"https:\/\/www.pirolos.org\/wp-content\/uploads\/2019\/05\/Parar-de-fumar.jpg","contentUrl":"https:\/\/www.pirolos.org\/wp-content\/uploads\/2019\/05\/Parar-de-fumar.jpg","width":905,"height":696},{"@type":"BreadcrumbList","@id":"https:\/\/www.pirolos.org\/index.php\/2019\/05\/30\/parar-de-fumar\/#breadcrumb","itemListElement":[{"@type":"ListItem","position":1,"name":"Portada","item":"https:\/\/www.pirolos.org\/"},{"@type":"ListItem","position":2,"name":"PARAR DE FUMAR"}]},{"@type":"WebSite","@id":"https:\/\/www.pirolos.org\/#website","url":"https:\/\/www.pirolos.org\/","name":"By Visi Vidal","description":"Humor y pensamiento c\u00edtrico","potentialAction":[{"@type":"SearchAction","target":{"@type":"EntryPoint","urlTemplate":"https:\/\/www.pirolos.org\/?s={search_term_string}"},"query-input":{"@type":"PropertyValueSpecification","valueRequired":true,"valueName":"search_term_string"}}],"inLanguage":"es"},{"@type":"Person","@id":"https:\/\/www.pirolos.org\/#\/schema\/person\/017c1d1ce837da28086a3e01db9ee3d2","name":"Visi Vidal Gilsanz","image":{"@type":"ImageObject","inLanguage":"es","@id":"https:\/\/secure.gravatar.com\/avatar\/b7c362d7271737ddf2b995ecce51429621bd2235b051030d65b41462e9f45770?s=96&d=monsterid&r=r","url":"https:\/\/secure.gravatar.com\/avatar\/b7c362d7271737ddf2b995ecce51429621bd2235b051030d65b41462e9f45770?s=96&d=monsterid&r=r","contentUrl":"https:\/\/secure.gravatar.com\/avatar\/b7c362d7271737ddf2b995ecce51429621bd2235b051030d65b41462e9f45770?s=96&d=monsterid&r=r","caption":"Visi Vidal Gilsanz"},"sameAs":["https:\/\/www.pirolos.org"],"url":"https:\/\/www.pirolos.org\/index.php\/author\/admin-2\/"}]}},"_links":{"self":[{"href":"https:\/\/www.pirolos.org\/index.php\/wp-json\/wp\/v2\/posts\/540","targetHints":{"allow":["GET"]}}],"collection":[{"href":"https:\/\/www.pirolos.org\/index.php\/wp-json\/wp\/v2\/posts"}],"about":[{"href":"https:\/\/www.pirolos.org\/index.php\/wp-json\/wp\/v2\/types\/post"}],"author":[{"embeddable":true,"href":"https:\/\/www.pirolos.org\/index.php\/wp-json\/wp\/v2\/users\/2"}],"replies":[{"embeddable":true,"href":"https:\/\/www.pirolos.org\/index.php\/wp-json\/wp\/v2\/comments?post=540"}],"version-history":[{"count":1,"href":"https:\/\/www.pirolos.org\/index.php\/wp-json\/wp\/v2\/posts\/540\/revisions"}],"predecessor-version":[{"id":542,"href":"https:\/\/www.pirolos.org\/index.php\/wp-json\/wp\/v2\/posts\/540\/revisions\/542"}],"wp:featuredmedia":[{"embeddable":true,"href":"https:\/\/www.pirolos.org\/index.php\/wp-json\/wp\/v2\/media\/541"}],"wp:attachment":[{"href":"https:\/\/www.pirolos.org\/index.php\/wp-json\/wp\/v2\/media?parent=540"}],"wp:term":[{"taxonomy":"category","embeddable":true,"href":"https:\/\/www.pirolos.org\/index.php\/wp-json\/wp\/v2\/categories?post=540"},{"taxonomy":"post_tag","embeddable":true,"href":"https:\/\/www.pirolos.org\/index.php\/wp-json\/wp\/v2\/tags?post=540"}],"curies":[{"name":"wp","href":"https:\/\/api.w.org\/{rel}","templated":true}]}}