{"id":600,"date":"2022-03-16T12:21:23","date_gmt":"2022-03-16T12:21:23","guid":{"rendered":"https:\/\/www.pirolos.org\/?p=600"},"modified":"2022-03-24T07:33:26","modified_gmt":"2022-03-24T07:33:26","slug":"8-de-marzo-2022","status":"publish","type":"post","link":"https:\/\/www.pirolos.org\/index.php\/2022\/03\/16\/8-de-marzo-2022\/","title":{"rendered":"8 de marzo 2022"},"content":{"rendered":"\n<p>Y seguimos con las mismas. Se confunde feminismo con femimismidad, o con <a href=\"https:\/\/beatrizbecerra.eu\/2019\/03\/13\/contra-el-feminismo-ensimismado\/\">feminismo ensimismado<\/a> como dice Becerra. <\/p>\n\n\n\n<p>Mientras el <a href=\"https:\/\/es.frwiki.wiki\/wiki\/N%C3%A9o-f%C3%A9minisme\">neofeminismo<\/a> no despega del cuidado para<em> si mismis<\/em>, con sus <em>amiguis<\/em>, el objetivo del movimiento pol\u00edtico originario se difumina y vuelve a recaer en la esfera de lo privado. El feminismo consiste, como movimiento pol\u00edtico, en negociar, llegar a acuerdos, adem\u00e1s de votar, y muchas mujeres no parecen entenderlo: en vez de <a href=\"https:\/\/elpais.com\/opinion\/2022-03-13\/feminismo-ensimismado.html\">estar en este mundo<\/a> reclaman el derecho a ser reconocidas como reinonas, por su condici\u00f3n org\u00e1nica y sus manifestaciones er\u00f3ticas. Autocomplacencia pura. Mientras, otras mujeres siguen enarbolando la igualdad pol\u00edtica como reivindicaci\u00f3n fundamental para que eso les permita organizar su mundo privado como les parezca.  Y los hombres en medio, pobres, est\u00e1n muy perdidos.<\/p>\n<!-- AddThis Advanced Settings generic via filter on the_content --><!-- AddThis Share Buttons generic via filter on the_content -->","protected":false},"excerpt":{"rendered":"<p>Y seguimos con las mismas. Se confunde feminismo con femimismidad, o con feminismo ensimismado como dice Becerra. Mientras el neofeminismo no despega del cuidado para si mismis, con sus amiguis, el objetivo del movimiento pol\u00edtico originario se difumina y vuelve a recaer en la esfera de lo privado. El feminismo consiste, como movimiento pol\u00edtico, en&hellip; <a href=\"https:\/\/www.pirolos.org\/index.php\/2022\/03\/16\/8-de-marzo-2022\/\">Continue reading <span class=\"screen-reader-text\">8 de marzo 2022<\/span><\/a><!-- AddThis Advanced Settings generic via filter on get_the_excerpt --><!-- AddThis Share Buttons generic via filter on get_the_excerpt --><\/p>\n","protected":false},"author":2,"featured_media":601,"comment_status":"closed","ping_status":"closed","sticky":false,"template":"","format":"standard","meta":{"_monsterinsights_skip_tracking":false,"_monsterinsights_sitenote_active":false,"_monsterinsights_sitenote_note":"","_monsterinsights_sitenote_category":0,"footnotes":""},"categories":[251,249],"tags":[252],"class_list":["post-600","post","type-post","status-publish","format-standard","has-post-thumbnail","hentry","category-8-de-marzo","category-feminismo","tag-feminismo-versus-femimismidad"],"yoast_head":"<!-- This site is optimized with the Yoast SEO plugin v27.5 - https:\/\/yoast.com\/product\/yoast-seo-wordpress\/ -->\n<title>8 de marzo 2022 - By Visi Vidal<\/title>\n<meta name=\"robots\" content=\"index, follow, max-snippet:-1, max-image-preview:large, max-video-preview:-1\" \/>\n<link rel=\"canonical\" href=\"https:\/\/www.pirolos.org\/index.php\/2022\/03\/16\/8-de-marzo-2022\/\" \/>\n<meta property=\"og:locale\" content=\"es_ES\" \/>\n<meta property=\"og:type\" content=\"article\" \/>\n<meta property=\"og:title\" content=\"8 de marzo 2022 - By Visi Vidal\" \/>\n<meta property=\"og:description\" content=\"Y seguimos con las mismas. Se confunde feminismo con femimismidad, o con feminismo ensimismado como dice Becerra. Mientras el neofeminismo no despega del cuidado para si mismis, con sus amiguis, el objetivo del movimiento pol\u00edtico originario se difumina y vuelve a recaer en la esfera de lo privado. El feminismo consiste, como movimiento pol\u00edtico, en&hellip; Continue reading 8 de marzo 2022\" \/>\n<meta property=\"og:url\" content=\"https:\/\/www.pirolos.org\/index.php\/2022\/03\/16\/8-de-marzo-2022\/\" \/>\n<meta property=\"og:site_name\" content=\"By Visi Vidal\" \/>\n<meta property=\"article:published_time\" content=\"2022-03-16T12:21:23+00:00\" \/>\n<meta property=\"article:modified_time\" content=\"2022-03-24T07:33:26+00:00\" \/>\n<meta property=\"og:image\" content=\"https:\/\/www.pirolos.org\/wp-content\/uploads\/2022\/03\/Dia-de-la-mujer-trabajadora.png\" \/>\n\t<meta property=\"og:image:width\" content=\"1507\" \/>\n\t<meta property=\"og:image:height\" content=\"707\" \/>\n\t<meta property=\"og:image:type\" content=\"image\/png\" \/>\n<meta name=\"author\" content=\"Visi Vidal Gilsanz\" \/>\n<meta name=\"twitter:card\" content=\"summary_large_image\" \/>\n<meta name=\"twitter:label1\" content=\"Escrito por\" \/>\n\t<meta name=\"twitter:data1\" content=\"Visi Vidal Gilsanz\" \/>\n\t<meta name=\"twitter:label2\" content=\"Tiempo de lectura\" \/>\n\t<meta name=\"twitter:data2\" content=\"1 minuto\" \/>\n<script type=\"application\/ld+json\" class=\"yoast-schema-graph\">{\"@context\":\"https:\\\/\\\/schema.org\",\"@graph\":[{\"@type\":\"Article\",\"@id\":\"https:\\\/\\\/www.pirolos.org\\\/index.php\\\/2022\\\/03\\\/16\\\/8-de-marzo-2022\\\/#article\",\"isPartOf\":{\"@id\":\"https:\\\/\\\/www.pirolos.org\\\/index.php\\\/2022\\\/03\\\/16\\\/8-de-marzo-2022\\\/\"},\"author\":{\"name\":\"Visi Vidal Gilsanz\",\"@id\":\"https:\\\/\\\/www.pirolos.org\\\/#\\\/schema\\\/person\\\/017c1d1ce837da28086a3e01db9ee3d2\"},\"headline\":\"8 de marzo 2022\",\"datePublished\":\"2022-03-16T12:21:23+00:00\",\"dateModified\":\"2022-03-24T07:33:26+00:00\",\"mainEntityOfPage\":{\"@id\":\"https:\\\/\\\/www.pirolos.org\\\/index.php\\\/2022\\\/03\\\/16\\\/8-de-marzo-2022\\\/\"},\"wordCount\":136,\"image\":{\"@id\":\"https:\\\/\\\/www.pirolos.org\\\/index.php\\\/2022\\\/03\\\/16\\\/8-de-marzo-2022\\\/#primaryimage\"},\"thumbnailUrl\":\"https:\\\/\\\/www.pirolos.org\\\/wp-content\\\/uploads\\\/2022\\\/03\\\/Dia-de-la-mujer-trabajadora.png\",\"keywords\":[\"Feminismo versus femimismidad\"],\"articleSection\":[\"8 de marzo\",\"Feminismo\"],\"inLanguage\":\"es\"},{\"@type\":\"WebPage\",\"@id\":\"https:\\\/\\\/www.pirolos.org\\\/index.php\\\/2022\\\/03\\\/16\\\/8-de-marzo-2022\\\/\",\"url\":\"https:\\\/\\\/www.pirolos.org\\\/index.php\\\/2022\\\/03\\\/16\\\/8-de-marzo-2022\\\/\",\"name\":\"8 de marzo 2022 - By Visi Vidal\",\"isPartOf\":{\"@id\":\"https:\\\/\\\/www.pirolos.org\\\/#website\"},\"primaryImageOfPage\":{\"@id\":\"https:\\\/\\\/www.pirolos.org\\\/index.php\\\/2022\\\/03\\\/16\\\/8-de-marzo-2022\\\/#primaryimage\"},\"image\":{\"@id\":\"https:\\\/\\\/www.pirolos.org\\\/index.php\\\/2022\\\/03\\\/16\\\/8-de-marzo-2022\\\/#primaryimage\"},\"thumbnailUrl\":\"https:\\\/\\\/www.pirolos.org\\\/wp-content\\\/uploads\\\/2022\\\/03\\\/Dia-de-la-mujer-trabajadora.png\",\"datePublished\":\"2022-03-16T12:21:23+00:00\",\"dateModified\":\"2022-03-24T07:33:26+00:00\",\"author\":{\"@id\":\"https:\\\/\\\/www.pirolos.org\\\/#\\\/schema\\\/person\\\/017c1d1ce837da28086a3e01db9ee3d2\"},\"breadcrumb\":{\"@id\":\"https:\\\/\\\/www.pirolos.org\\\/index.php\\\/2022\\\/03\\\/16\\\/8-de-marzo-2022\\\/#breadcrumb\"},\"inLanguage\":\"es\",\"potentialAction\":[{\"@type\":\"ReadAction\",\"target\":[\"https:\\\/\\\/www.pirolos.org\\\/index.php\\\/2022\\\/03\\\/16\\\/8-de-marzo-2022\\\/\"]}]},{\"@type\":\"ImageObject\",\"inLanguage\":\"es\",\"@id\":\"https:\\\/\\\/www.pirolos.org\\\/index.php\\\/2022\\\/03\\\/16\\\/8-de-marzo-2022\\\/#primaryimage\",\"url\":\"https:\\\/\\\/www.pirolos.org\\\/wp-content\\\/uploads\\\/2022\\\/03\\\/Dia-de-la-mujer-trabajadora.png\",\"contentUrl\":\"https:\\\/\\\/www.pirolos.org\\\/wp-content\\\/uploads\\\/2022\\\/03\\\/Dia-de-la-mujer-trabajadora.png\",\"width\":1507,\"height\":707,\"caption\":\"8 de marzo de 2022\"},{\"@type\":\"BreadcrumbList\",\"@id\":\"https:\\\/\\\/www.pirolos.org\\\/index.php\\\/2022\\\/03\\\/16\\\/8-de-marzo-2022\\\/#breadcrumb\",\"itemListElement\":[{\"@type\":\"ListItem\",\"position\":1,\"name\":\"Portada\",\"item\":\"https:\\\/\\\/www.pirolos.org\\\/\"},{\"@type\":\"ListItem\",\"position\":2,\"name\":\"8 de marzo 2022\"}]},{\"@type\":\"WebSite\",\"@id\":\"https:\\\/\\\/www.pirolos.org\\\/#website\",\"url\":\"https:\\\/\\\/www.pirolos.org\\\/\",\"name\":\"By Visi Vidal\",\"description\":\"Humor y pensamiento c\u00edtrico\",\"potentialAction\":[{\"@type\":\"SearchAction\",\"target\":{\"@type\":\"EntryPoint\",\"urlTemplate\":\"https:\\\/\\\/www.pirolos.org\\\/?s={search_term_string}\"},\"query-input\":{\"@type\":\"PropertyValueSpecification\",\"valueRequired\":true,\"valueName\":\"search_term_string\"}}],\"inLanguage\":\"es\"},{\"@type\":\"Person\",\"@id\":\"https:\\\/\\\/www.pirolos.org\\\/#\\\/schema\\\/person\\\/017c1d1ce837da28086a3e01db9ee3d2\",\"name\":\"Visi Vidal Gilsanz\",\"image\":{\"@type\":\"ImageObject\",\"inLanguage\":\"es\",\"@id\":\"https:\\\/\\\/secure.gravatar.com\\\/avatar\\\/b7c362d7271737ddf2b995ecce51429621bd2235b051030d65b41462e9f45770?s=96&d=monsterid&r=r\",\"url\":\"https:\\\/\\\/secure.gravatar.com\\\/avatar\\\/b7c362d7271737ddf2b995ecce51429621bd2235b051030d65b41462e9f45770?s=96&d=monsterid&r=r\",\"contentUrl\":\"https:\\\/\\\/secure.gravatar.com\\\/avatar\\\/b7c362d7271737ddf2b995ecce51429621bd2235b051030d65b41462e9f45770?s=96&d=monsterid&r=r\",\"caption\":\"Visi Vidal Gilsanz\"},\"sameAs\":[\"http:\\\/\\\/www.pirolos.org\"],\"url\":\"https:\\\/\\\/www.pirolos.org\\\/index.php\\\/author\\\/admin-2\\\/\"}]}<\/script>\n<!-- \/ Yoast SEO plugin. -->","yoast_head_json":{"title":"8 de marzo 2022 - By Visi Vidal","robots":{"index":"index","follow":"follow","max-snippet":"max-snippet:-1","max-image-preview":"max-image-preview:large","max-video-preview":"max-video-preview:-1"},"canonical":"https:\/\/www.pirolos.org\/index.php\/2022\/03\/16\/8-de-marzo-2022\/","og_locale":"es_ES","og_type":"article","og_title":"8 de marzo 2022 - By Visi Vidal","og_description":"Y seguimos con las mismas. Se confunde feminismo con femimismidad, o con feminismo ensimismado como dice Becerra. Mientras el neofeminismo no despega del cuidado para si mismis, con sus amiguis, el objetivo del movimiento pol\u00edtico originario se difumina y vuelve a recaer en la esfera de lo privado. El feminismo consiste, como movimiento pol\u00edtico, en&hellip; Continue reading 8 de marzo 2022","og_url":"https:\/\/www.pirolos.org\/index.php\/2022\/03\/16\/8-de-marzo-2022\/","og_site_name":"By Visi Vidal","article_published_time":"2022-03-16T12:21:23+00:00","article_modified_time":"2022-03-24T07:33:26+00:00","og_image":[{"width":1507,"height":707,"url":"https:\/\/www.pirolos.org\/wp-content\/uploads\/2022\/03\/Dia-de-la-mujer-trabajadora.png","type":"image\/png"}],"author":"Visi Vidal Gilsanz","twitter_card":"summary_large_image","twitter_misc":{"Escrito por":"Visi Vidal Gilsanz","Tiempo de lectura":"1 minuto"},"schema":{"@context":"https:\/\/schema.org","@graph":[{"@type":"Article","@id":"https:\/\/www.pirolos.org\/index.php\/2022\/03\/16\/8-de-marzo-2022\/#article","isPartOf":{"@id":"https:\/\/www.pirolos.org\/index.php\/2022\/03\/16\/8-de-marzo-2022\/"},"author":{"name":"Visi Vidal Gilsanz","@id":"https:\/\/www.pirolos.org\/#\/schema\/person\/017c1d1ce837da28086a3e01db9ee3d2"},"headline":"8 de marzo 2022","datePublished":"2022-03-16T12:21:23+00:00","dateModified":"2022-03-24T07:33:26+00:00","mainEntityOfPage":{"@id":"https:\/\/www.pirolos.org\/index.php\/2022\/03\/16\/8-de-marzo-2022\/"},"wordCount":136,"image":{"@id":"https:\/\/www.pirolos.org\/index.php\/2022\/03\/16\/8-de-marzo-2022\/#primaryimage"},"thumbnailUrl":"https:\/\/www.pirolos.org\/wp-content\/uploads\/2022\/03\/Dia-de-la-mujer-trabajadora.png","keywords":["Feminismo versus femimismidad"],"articleSection":["8 de marzo","Feminismo"],"inLanguage":"es"},{"@type":"WebPage","@id":"https:\/\/www.pirolos.org\/index.php\/2022\/03\/16\/8-de-marzo-2022\/","url":"https:\/\/www.pirolos.org\/index.php\/2022\/03\/16\/8-de-marzo-2022\/","name":"8 de marzo 2022 - By Visi Vidal","isPartOf":{"@id":"https:\/\/www.pirolos.org\/#website"},"primaryImageOfPage":{"@id":"https:\/\/www.pirolos.org\/index.php\/2022\/03\/16\/8-de-marzo-2022\/#primaryimage"},"image":{"@id":"https:\/\/www.pirolos.org\/index.php\/2022\/03\/16\/8-de-marzo-2022\/#primaryimage"},"thumbnailUrl":"https:\/\/www.pirolos.org\/wp-content\/uploads\/2022\/03\/Dia-de-la-mujer-trabajadora.png","datePublished":"2022-03-16T12:21:23+00:00","dateModified":"2022-03-24T07:33:26+00:00","author":{"@id":"https:\/\/www.pirolos.org\/#\/schema\/person\/017c1d1ce837da28086a3e01db9ee3d2"},"breadcrumb":{"@id":"https:\/\/www.pirolos.org\/index.php\/2022\/03\/16\/8-de-marzo-2022\/#breadcrumb"},"inLanguage":"es","potentialAction":[{"@type":"ReadAction","target":["https:\/\/www.pirolos.org\/index.php\/2022\/03\/16\/8-de-marzo-2022\/"]}]},{"@type":"ImageObject","inLanguage":"es","@id":"https:\/\/www.pirolos.org\/index.php\/2022\/03\/16\/8-de-marzo-2022\/#primaryimage","url":"https:\/\/www.pirolos.org\/wp-content\/uploads\/2022\/03\/Dia-de-la-mujer-trabajadora.png","contentUrl":"https:\/\/www.pirolos.org\/wp-content\/uploads\/2022\/03\/Dia-de-la-mujer-trabajadora.png","width":1507,"height":707,"caption":"8 de marzo de 2022"},{"@type":"BreadcrumbList","@id":"https:\/\/www.pirolos.org\/index.php\/2022\/03\/16\/8-de-marzo-2022\/#breadcrumb","itemListElement":[{"@type":"ListItem","position":1,"name":"Portada","item":"https:\/\/www.pirolos.org\/"},{"@type":"ListItem","position":2,"name":"8 de marzo 2022"}]},{"@type":"WebSite","@id":"https:\/\/www.pirolos.org\/#website","url":"https:\/\/www.pirolos.org\/","name":"By Visi Vidal","description":"Humor y pensamiento c\u00edtrico","potentialAction":[{"@type":"SearchAction","target":{"@type":"EntryPoint","urlTemplate":"https:\/\/www.pirolos.org\/?s={search_term_string}"},"query-input":{"@type":"PropertyValueSpecification","valueRequired":true,"valueName":"search_term_string"}}],"inLanguage":"es"},{"@type":"Person","@id":"https:\/\/www.pirolos.org\/#\/schema\/person\/017c1d1ce837da28086a3e01db9ee3d2","name":"Visi Vidal Gilsanz","image":{"@type":"ImageObject","inLanguage":"es","@id":"https:\/\/secure.gravatar.com\/avatar\/b7c362d7271737ddf2b995ecce51429621bd2235b051030d65b41462e9f45770?s=96&d=monsterid&r=r","url":"https:\/\/secure.gravatar.com\/avatar\/b7c362d7271737ddf2b995ecce51429621bd2235b051030d65b41462e9f45770?s=96&d=monsterid&r=r","contentUrl":"https:\/\/secure.gravatar.com\/avatar\/b7c362d7271737ddf2b995ecce51429621bd2235b051030d65b41462e9f45770?s=96&d=monsterid&r=r","caption":"Visi Vidal Gilsanz"},"sameAs":["https:\/\/www.pirolos.org"],"url":"https:\/\/www.pirolos.org\/index.php\/author\/admin-2\/"}]}},"_links":{"self":[{"href":"https:\/\/www.pirolos.org\/index.php\/wp-json\/wp\/v2\/posts\/600","targetHints":{"allow":["GET"]}}],"collection":[{"href":"https:\/\/www.pirolos.org\/index.php\/wp-json\/wp\/v2\/posts"}],"about":[{"href":"https:\/\/www.pirolos.org\/index.php\/wp-json\/wp\/v2\/types\/post"}],"author":[{"embeddable":true,"href":"https:\/\/www.pirolos.org\/index.php\/wp-json\/wp\/v2\/users\/2"}],"replies":[{"embeddable":true,"href":"https:\/\/www.pirolos.org\/index.php\/wp-json\/wp\/v2\/comments?post=600"}],"version-history":[{"count":6,"href":"https:\/\/www.pirolos.org\/index.php\/wp-json\/wp\/v2\/posts\/600\/revisions"}],"predecessor-version":[{"id":631,"href":"https:\/\/www.pirolos.org\/index.php\/wp-json\/wp\/v2\/posts\/600\/revisions\/631"}],"wp:featuredmedia":[{"embeddable":true,"href":"https:\/\/www.pirolos.org\/index.php\/wp-json\/wp\/v2\/media\/601"}],"wp:attachment":[{"href":"https:\/\/www.pirolos.org\/index.php\/wp-json\/wp\/v2\/media?parent=600"}],"wp:term":[{"taxonomy":"category","embeddable":true,"href":"https:\/\/www.pirolos.org\/index.php\/wp-json\/wp\/v2\/categories?post=600"},{"taxonomy":"post_tag","embeddable":true,"href":"https:\/\/www.pirolos.org\/index.php\/wp-json\/wp\/v2\/tags?post=600"}],"curies":[{"name":"wp","href":"https:\/\/api.w.org\/{rel}","templated":true}]}}