{"id":617,"date":"2022-03-23T13:39:16","date_gmt":"2022-03-23T13:39:16","guid":{"rendered":"https:\/\/www.pirolos.org\/?p=617"},"modified":"2022-03-24T08:07:07","modified_gmt":"2022-03-24T08:07:07","slug":"que-huelga-decir","status":"publish","type":"post","link":"https:\/\/www.pirolos.org\/index.php\/2022\/03\/23\/que-huelga-decir\/","title":{"rendered":"Qu\u00e9 huelga decir"},"content":{"rendered":"\n<p>Un empresario que tiene subordinados si hace paro laboral lo hace mientras sus subordinados siguen cumpliendo sus \u00f3rdenes. Un empresario si hace huelga patronal deber\u00eda ser de su tarea de patr\u00f3n y dejar de mandar a sus trabajadores lo que tienen que hacer.<\/p>\n\n\n\n<p>Hacer huelga para<a href=\"https:\/\/as.com\/diarioas\/2022\/03\/23\/actualidad\/1648017878_779628.html\"> <\/a><a href=\"https:\/\/www.elcorreo.com\/sociedad\/danone-alerta-desabastecimiento-yogures-lacteos-20220322100504-nt.html\">dejar de proveer a las industrias<\/a> en todo un pa\u00eds no es una huelga sino un sabotaje, porque se busca el beneficio disfrazado de reivindicaci\u00f3n. Las reivindicaciones se pueden negociar sin hacer da\u00f1o. En su caso se sabe que tienen la sart\u00e9n por el mango por lo que&nbsp;no era necesario interrumpir el servicio de transporte.<\/p>\n\n\n\n<p>Y hace mucho que el ch\u00f3fer no descarga el cami\u00f3n.<\/p>\n\n\n\n<p><\/p>\n<!-- AddThis Advanced Settings generic via filter on the_content --><!-- AddThis Share Buttons generic via filter on the_content -->","protected":false},"excerpt":{"rendered":"<p>Un empresario que tiene subordinados si hace paro laboral lo hace mientras sus subordinados siguen cumpliendo sus \u00f3rdenes. Un empresario si hace huelga patronal deber\u00eda ser de su tarea de patr\u00f3n y dejar de mandar a sus trabajadores lo que tienen que hacer. Hacer huelga para dejar de proveer a las industrias en todo un&hellip; <a href=\"https:\/\/www.pirolos.org\/index.php\/2022\/03\/23\/que-huelga-decir\/\">Continue reading <span class=\"screen-reader-text\">Qu\u00e9 huelga decir<\/span><\/a><!-- AddThis Advanced Settings generic via filter on get_the_excerpt --><!-- AddThis Share Buttons generic via filter on get_the_excerpt --><\/p>\n","protected":false},"author":2,"featured_media":635,"comment_status":"closed","ping_status":"closed","sticky":false,"template":"","format":"standard","meta":{"_monsterinsights_skip_tracking":false,"_monsterinsights_sitenote_active":false,"_monsterinsights_sitenote_note":"","_monsterinsights_sitenote_category":0,"footnotes":""},"categories":[247],"tags":[248],"class_list":["post-617","post","type-post","status-publish","format-standard","has-post-thumbnail","hentry","category-huelga","tag-del-jefe"],"yoast_head":"<!-- This site is optimized with the Yoast SEO plugin v27.5 - https:\/\/yoast.com\/product\/yoast-seo-wordpress\/ -->\n<title>Qu\u00e9 huelga decir - By Visi Vidal<\/title>\n<meta name=\"robots\" content=\"index, follow, max-snippet:-1, max-image-preview:large, max-video-preview:-1\" \/>\n<link rel=\"canonical\" href=\"https:\/\/www.pirolos.org\/index.php\/2022\/03\/23\/que-huelga-decir\/\" \/>\n<meta property=\"og:locale\" content=\"es_ES\" \/>\n<meta property=\"og:type\" content=\"article\" \/>\n<meta property=\"og:title\" content=\"Qu\u00e9 huelga decir - By Visi Vidal\" \/>\n<meta property=\"og:description\" content=\"Un empresario que tiene subordinados si hace paro laboral lo hace mientras sus subordinados siguen cumpliendo sus \u00f3rdenes. Un empresario si hace huelga patronal deber\u00eda ser de su tarea de patr\u00f3n y dejar de mandar a sus trabajadores lo que tienen que hacer. Hacer huelga para dejar de proveer a las industrias en todo un&hellip; Continue reading Qu\u00e9 huelga decir\" \/>\n<meta property=\"og:url\" content=\"https:\/\/www.pirolos.org\/index.php\/2022\/03\/23\/que-huelga-decir\/\" \/>\n<meta property=\"og:site_name\" content=\"By Visi Vidal\" \/>\n<meta property=\"article:published_time\" content=\"2022-03-23T13:39:16+00:00\" \/>\n<meta property=\"article:modified_time\" content=\"2022-03-24T08:07:07+00:00\" \/>\n<meta property=\"og:image\" content=\"https:\/\/www.pirolos.org\/wp-content\/uploads\/2022\/03\/Transporte-en-huelga-1.jpg\" \/>\n\t<meta property=\"og:image:width\" content=\"1220\" \/>\n\t<meta property=\"og:image:height\" content=\"667\" \/>\n\t<meta property=\"og:image:type\" content=\"image\/jpeg\" \/>\n<meta name=\"author\" content=\"Visi Vidal Gilsanz\" \/>\n<meta name=\"twitter:card\" content=\"summary_large_image\" \/>\n<meta name=\"twitter:label1\" content=\"Escrito por\" \/>\n\t<meta name=\"twitter:data1\" content=\"Visi Vidal Gilsanz\" \/>\n\t<meta name=\"twitter:label2\" content=\"Tiempo de lectura\" \/>\n\t<meta name=\"twitter:data2\" content=\"1 minuto\" \/>\n<script type=\"application\/ld+json\" class=\"yoast-schema-graph\">{\"@context\":\"https:\\\/\\\/schema.org\",\"@graph\":[{\"@type\":\"Article\",\"@id\":\"https:\\\/\\\/www.pirolos.org\\\/index.php\\\/2022\\\/03\\\/23\\\/que-huelga-decir\\\/#article\",\"isPartOf\":{\"@id\":\"https:\\\/\\\/www.pirolos.org\\\/index.php\\\/2022\\\/03\\\/23\\\/que-huelga-decir\\\/\"},\"author\":{\"name\":\"Visi Vidal Gilsanz\",\"@id\":\"https:\\\/\\\/www.pirolos.org\\\/#\\\/schema\\\/person\\\/017c1d1ce837da28086a3e01db9ee3d2\"},\"headline\":\"Qu\u00e9 huelga decir\",\"datePublished\":\"2022-03-23T13:39:16+00:00\",\"dateModified\":\"2022-03-24T08:07:07+00:00\",\"mainEntityOfPage\":{\"@id\":\"https:\\\/\\\/www.pirolos.org\\\/index.php\\\/2022\\\/03\\\/23\\\/que-huelga-decir\\\/\"},\"wordCount\":124,\"image\":{\"@id\":\"https:\\\/\\\/www.pirolos.org\\\/index.php\\\/2022\\\/03\\\/23\\\/que-huelga-decir\\\/#primaryimage\"},\"thumbnailUrl\":\"https:\\\/\\\/www.pirolos.org\\\/wp-content\\\/uploads\\\/2022\\\/03\\\/Transporte-en-huelga-1.jpg\",\"keywords\":[\"Del jefe\"],\"articleSection\":[\"Huelga\"],\"inLanguage\":\"es\"},{\"@type\":\"WebPage\",\"@id\":\"https:\\\/\\\/www.pirolos.org\\\/index.php\\\/2022\\\/03\\\/23\\\/que-huelga-decir\\\/\",\"url\":\"https:\\\/\\\/www.pirolos.org\\\/index.php\\\/2022\\\/03\\\/23\\\/que-huelga-decir\\\/\",\"name\":\"Qu\u00e9 huelga decir - By Visi Vidal\",\"isPartOf\":{\"@id\":\"https:\\\/\\\/www.pirolos.org\\\/#website\"},\"primaryImageOfPage\":{\"@id\":\"https:\\\/\\\/www.pirolos.org\\\/index.php\\\/2022\\\/03\\\/23\\\/que-huelga-decir\\\/#primaryimage\"},\"image\":{\"@id\":\"https:\\\/\\\/www.pirolos.org\\\/index.php\\\/2022\\\/03\\\/23\\\/que-huelga-decir\\\/#primaryimage\"},\"thumbnailUrl\":\"https:\\\/\\\/www.pirolos.org\\\/wp-content\\\/uploads\\\/2022\\\/03\\\/Transporte-en-huelga-1.jpg\",\"datePublished\":\"2022-03-23T13:39:16+00:00\",\"dateModified\":\"2022-03-24T08:07:07+00:00\",\"author\":{\"@id\":\"https:\\\/\\\/www.pirolos.org\\\/#\\\/schema\\\/person\\\/017c1d1ce837da28086a3e01db9ee3d2\"},\"breadcrumb\":{\"@id\":\"https:\\\/\\\/www.pirolos.org\\\/index.php\\\/2022\\\/03\\\/23\\\/que-huelga-decir\\\/#breadcrumb\"},\"inLanguage\":\"es\",\"potentialAction\":[{\"@type\":\"ReadAction\",\"target\":[\"https:\\\/\\\/www.pirolos.org\\\/index.php\\\/2022\\\/03\\\/23\\\/que-huelga-decir\\\/\"]}]},{\"@type\":\"ImageObject\",\"inLanguage\":\"es\",\"@id\":\"https:\\\/\\\/www.pirolos.org\\\/index.php\\\/2022\\\/03\\\/23\\\/que-huelga-decir\\\/#primaryimage\",\"url\":\"https:\\\/\\\/www.pirolos.org\\\/wp-content\\\/uploads\\\/2022\\\/03\\\/Transporte-en-huelga-1.jpg\",\"contentUrl\":\"https:\\\/\\\/www.pirolos.org\\\/wp-content\\\/uploads\\\/2022\\\/03\\\/Transporte-en-huelga-1.jpg\",\"width\":1220,\"height\":667},{\"@type\":\"BreadcrumbList\",\"@id\":\"https:\\\/\\\/www.pirolos.org\\\/index.php\\\/2022\\\/03\\\/23\\\/que-huelga-decir\\\/#breadcrumb\",\"itemListElement\":[{\"@type\":\"ListItem\",\"position\":1,\"name\":\"Portada\",\"item\":\"https:\\\/\\\/www.pirolos.org\\\/\"},{\"@type\":\"ListItem\",\"position\":2,\"name\":\"Qu\u00e9 huelga decir\"}]},{\"@type\":\"WebSite\",\"@id\":\"https:\\\/\\\/www.pirolos.org\\\/#website\",\"url\":\"https:\\\/\\\/www.pirolos.org\\\/\",\"name\":\"By Visi Vidal\",\"description\":\"Humor y pensamiento c\u00edtrico\",\"potentialAction\":[{\"@type\":\"SearchAction\",\"target\":{\"@type\":\"EntryPoint\",\"urlTemplate\":\"https:\\\/\\\/www.pirolos.org\\\/?s={search_term_string}\"},\"query-input\":{\"@type\":\"PropertyValueSpecification\",\"valueRequired\":true,\"valueName\":\"search_term_string\"}}],\"inLanguage\":\"es\"},{\"@type\":\"Person\",\"@id\":\"https:\\\/\\\/www.pirolos.org\\\/#\\\/schema\\\/person\\\/017c1d1ce837da28086a3e01db9ee3d2\",\"name\":\"Visi Vidal Gilsanz\",\"image\":{\"@type\":\"ImageObject\",\"inLanguage\":\"es\",\"@id\":\"https:\\\/\\\/secure.gravatar.com\\\/avatar\\\/b7c362d7271737ddf2b995ecce51429621bd2235b051030d65b41462e9f45770?s=96&d=monsterid&r=r\",\"url\":\"https:\\\/\\\/secure.gravatar.com\\\/avatar\\\/b7c362d7271737ddf2b995ecce51429621bd2235b051030d65b41462e9f45770?s=96&d=monsterid&r=r\",\"contentUrl\":\"https:\\\/\\\/secure.gravatar.com\\\/avatar\\\/b7c362d7271737ddf2b995ecce51429621bd2235b051030d65b41462e9f45770?s=96&d=monsterid&r=r\",\"caption\":\"Visi Vidal Gilsanz\"},\"sameAs\":[\"http:\\\/\\\/www.pirolos.org\"],\"url\":\"https:\\\/\\\/www.pirolos.org\\\/index.php\\\/author\\\/admin-2\\\/\"}]}<\/script>\n<!-- \/ Yoast SEO plugin. -->","yoast_head_json":{"title":"Qu\u00e9 huelga decir - By Visi Vidal","robots":{"index":"index","follow":"follow","max-snippet":"max-snippet:-1","max-image-preview":"max-image-preview:large","max-video-preview":"max-video-preview:-1"},"canonical":"https:\/\/www.pirolos.org\/index.php\/2022\/03\/23\/que-huelga-decir\/","og_locale":"es_ES","og_type":"article","og_title":"Qu\u00e9 huelga decir - By Visi Vidal","og_description":"Un empresario que tiene subordinados si hace paro laboral lo hace mientras sus subordinados siguen cumpliendo sus \u00f3rdenes. Un empresario si hace huelga patronal deber\u00eda ser de su tarea de patr\u00f3n y dejar de mandar a sus trabajadores lo que tienen que hacer. Hacer huelga para dejar de proveer a las industrias en todo un&hellip; Continue reading Qu\u00e9 huelga decir","og_url":"https:\/\/www.pirolos.org\/index.php\/2022\/03\/23\/que-huelga-decir\/","og_site_name":"By Visi Vidal","article_published_time":"2022-03-23T13:39:16+00:00","article_modified_time":"2022-03-24T08:07:07+00:00","og_image":[{"width":1220,"height":667,"url":"https:\/\/www.pirolos.org\/wp-content\/uploads\/2022\/03\/Transporte-en-huelga-1.jpg","type":"image\/jpeg"}],"author":"Visi Vidal Gilsanz","twitter_card":"summary_large_image","twitter_misc":{"Escrito por":"Visi Vidal Gilsanz","Tiempo de lectura":"1 minuto"},"schema":{"@context":"https:\/\/schema.org","@graph":[{"@type":"Article","@id":"https:\/\/www.pirolos.org\/index.php\/2022\/03\/23\/que-huelga-decir\/#article","isPartOf":{"@id":"https:\/\/www.pirolos.org\/index.php\/2022\/03\/23\/que-huelga-decir\/"},"author":{"name":"Visi Vidal Gilsanz","@id":"https:\/\/www.pirolos.org\/#\/schema\/person\/017c1d1ce837da28086a3e01db9ee3d2"},"headline":"Qu\u00e9 huelga decir","datePublished":"2022-03-23T13:39:16+00:00","dateModified":"2022-03-24T08:07:07+00:00","mainEntityOfPage":{"@id":"https:\/\/www.pirolos.org\/index.php\/2022\/03\/23\/que-huelga-decir\/"},"wordCount":124,"image":{"@id":"https:\/\/www.pirolos.org\/index.php\/2022\/03\/23\/que-huelga-decir\/#primaryimage"},"thumbnailUrl":"https:\/\/www.pirolos.org\/wp-content\/uploads\/2022\/03\/Transporte-en-huelga-1.jpg","keywords":["Del jefe"],"articleSection":["Huelga"],"inLanguage":"es"},{"@type":"WebPage","@id":"https:\/\/www.pirolos.org\/index.php\/2022\/03\/23\/que-huelga-decir\/","url":"https:\/\/www.pirolos.org\/index.php\/2022\/03\/23\/que-huelga-decir\/","name":"Qu\u00e9 huelga decir - By Visi Vidal","isPartOf":{"@id":"https:\/\/www.pirolos.org\/#website"},"primaryImageOfPage":{"@id":"https:\/\/www.pirolos.org\/index.php\/2022\/03\/23\/que-huelga-decir\/#primaryimage"},"image":{"@id":"https:\/\/www.pirolos.org\/index.php\/2022\/03\/23\/que-huelga-decir\/#primaryimage"},"thumbnailUrl":"https:\/\/www.pirolos.org\/wp-content\/uploads\/2022\/03\/Transporte-en-huelga-1.jpg","datePublished":"2022-03-23T13:39:16+00:00","dateModified":"2022-03-24T08:07:07+00:00","author":{"@id":"https:\/\/www.pirolos.org\/#\/schema\/person\/017c1d1ce837da28086a3e01db9ee3d2"},"breadcrumb":{"@id":"https:\/\/www.pirolos.org\/index.php\/2022\/03\/23\/que-huelga-decir\/#breadcrumb"},"inLanguage":"es","potentialAction":[{"@type":"ReadAction","target":["https:\/\/www.pirolos.org\/index.php\/2022\/03\/23\/que-huelga-decir\/"]}]},{"@type":"ImageObject","inLanguage":"es","@id":"https:\/\/www.pirolos.org\/index.php\/2022\/03\/23\/que-huelga-decir\/#primaryimage","url":"https:\/\/www.pirolos.org\/wp-content\/uploads\/2022\/03\/Transporte-en-huelga-1.jpg","contentUrl":"https:\/\/www.pirolos.org\/wp-content\/uploads\/2022\/03\/Transporte-en-huelga-1.jpg","width":1220,"height":667},{"@type":"BreadcrumbList","@id":"https:\/\/www.pirolos.org\/index.php\/2022\/03\/23\/que-huelga-decir\/#breadcrumb","itemListElement":[{"@type":"ListItem","position":1,"name":"Portada","item":"https:\/\/www.pirolos.org\/"},{"@type":"ListItem","position":2,"name":"Qu\u00e9 huelga decir"}]},{"@type":"WebSite","@id":"https:\/\/www.pirolos.org\/#website","url":"https:\/\/www.pirolos.org\/","name":"By Visi Vidal","description":"Humor y pensamiento c\u00edtrico","potentialAction":[{"@type":"SearchAction","target":{"@type":"EntryPoint","urlTemplate":"https:\/\/www.pirolos.org\/?s={search_term_string}"},"query-input":{"@type":"PropertyValueSpecification","valueRequired":true,"valueName":"search_term_string"}}],"inLanguage":"es"},{"@type":"Person","@id":"https:\/\/www.pirolos.org\/#\/schema\/person\/017c1d1ce837da28086a3e01db9ee3d2","name":"Visi Vidal Gilsanz","image":{"@type":"ImageObject","inLanguage":"es","@id":"https:\/\/secure.gravatar.com\/avatar\/b7c362d7271737ddf2b995ecce51429621bd2235b051030d65b41462e9f45770?s=96&d=monsterid&r=r","url":"https:\/\/secure.gravatar.com\/avatar\/b7c362d7271737ddf2b995ecce51429621bd2235b051030d65b41462e9f45770?s=96&d=monsterid&r=r","contentUrl":"https:\/\/secure.gravatar.com\/avatar\/b7c362d7271737ddf2b995ecce51429621bd2235b051030d65b41462e9f45770?s=96&d=monsterid&r=r","caption":"Visi Vidal Gilsanz"},"sameAs":["https:\/\/www.pirolos.org"],"url":"https:\/\/www.pirolos.org\/index.php\/author\/admin-2\/"}]}},"_links":{"self":[{"href":"https:\/\/www.pirolos.org\/index.php\/wp-json\/wp\/v2\/posts\/617","targetHints":{"allow":["GET"]}}],"collection":[{"href":"https:\/\/www.pirolos.org\/index.php\/wp-json\/wp\/v2\/posts"}],"about":[{"href":"https:\/\/www.pirolos.org\/index.php\/wp-json\/wp\/v2\/types\/post"}],"author":[{"embeddable":true,"href":"https:\/\/www.pirolos.org\/index.php\/wp-json\/wp\/v2\/users\/2"}],"replies":[{"embeddable":true,"href":"https:\/\/www.pirolos.org\/index.php\/wp-json\/wp\/v2\/comments?post=617"}],"version-history":[{"count":6,"href":"https:\/\/www.pirolos.org\/index.php\/wp-json\/wp\/v2\/posts\/617\/revisions"}],"predecessor-version":[{"id":637,"href":"https:\/\/www.pirolos.org\/index.php\/wp-json\/wp\/v2\/posts\/617\/revisions\/637"}],"wp:featuredmedia":[{"embeddable":true,"href":"https:\/\/www.pirolos.org\/index.php\/wp-json\/wp\/v2\/media\/635"}],"wp:attachment":[{"href":"https:\/\/www.pirolos.org\/index.php\/wp-json\/wp\/v2\/media?parent=617"}],"wp:term":[{"taxonomy":"category","embeddable":true,"href":"https:\/\/www.pirolos.org\/index.php\/wp-json\/wp\/v2\/categories?post=617"},{"taxonomy":"post_tag","embeddable":true,"href":"https:\/\/www.pirolos.org\/index.php\/wp-json\/wp\/v2\/tags?post=617"}],"curies":[{"name":"wp","href":"https:\/\/api.w.org\/{rel}","templated":true}]}}